{"id":40901,"global_id":"equmeniakyrkan.se\/alvesta-moheda?id=40901","global_id_lineage":["equmeniakyrkan.se\/alvesta-moheda?id=40901"],"author":"1168","status":"publish","date":"2025-04-07 17:26:32","date_utc":"2025-04-07 15:26:32","modified":"2025-04-07 20:48:12","modified_utc":"2025-04-07 18:48:12","url":"https:\/\/equmeniakyrkan.se\/alvesta-moheda\/kalender\/gudstjanst-13\/","rest_url":"https:\/\/equmeniakyrkan.se\/alvesta-moheda\/wp-json\/tribe\/events\/v1\/events\/40901","title":"Gudstj\u00e4nst","description":"<p class=\"upcoming-event-item-eyebrow eyebrow\">Equmeniakyrkan Moheda<\/p>\n<p class=\"upcoming-event-item-excerpt\">Palms\u00f6ndagen \u201cV\u00e4gen till korset\u201d<\/p>\n<p class=\"upcoming-event-item-excerpt\">P\u00e4r Sandstedt, Johan Wallin, Sarah Petterson Kirabo och Gtj.gr 5<\/p>","excerpt":"","slug":"gudstjanst-13","image":false,"all_day":false,"start_date":"2025-04-13 10:00:00","start_date_details":{"year":"2025","month":"04","day":"13","hour":"10","minutes":"00","seconds":"00"},"end_date":"2025-04-13 12:00:00","end_date_details":{"year":"2025","month":"04","day":"13","hour":"12","minutes":"00","seconds":"00"},"utc_start_date":"2025-04-13 08:00:00","utc_start_date_details":{"year":"2025","month":"04","day":"13","hour":"08","minutes":"00","seconds":"00"},"utc_end_date":"2025-04-13 10:00:00","utc_end_date_details":{"year":"2025","month":"04","day":"13","hour":"10","minutes":"00","seconds":"00"},"timezone":"Europe\/Stockholm","timezone_abbr":"CEST","cost":"","cost_details":{"currency_symbol":"kr","currency_code":"USD","currency_position":"prefix","values":[]},"website":"","show_map":true,"show_map_link":true,"hide_from_listings":false,"sticky":false,"featured":false,"categories":[{"name":"Gudstj\u00e4nst","slug":"gudstjanst","term_group":0,"term_taxonomy_id":9,"taxonomy":"tribe_events_cat","description":"","parent":0,"count":387,"filter":"raw","id":9,"urls":{"self":"https:\/\/equmeniakyrkan.se\/alvesta-moheda\/wp-json\/tribe\/events\/v1\/categories\/9","collection":"https:\/\/equmeniakyrkan.se\/alvesta-moheda\/wp-json\/tribe\/events\/v1\/categories"}}],"tags":[],"venue":{"id":37633,"author":"116","status":"publish","date":"2018-06-16 15:54:12","date_utc":"2018-06-16 13:54:12","modified":"2018-06-16 15:54:12","modified_utc":"2018-06-16 13:54:12","url":"https:\/\/equmeniakyrkan.se\/alvesta-moheda\/plats\/equmeniakyrkan-moheda\/","venue":"Equmeniakyrkan Moheda","slug":"equmeniakyrkan-moheda","address":"V\u00e4xj\u00f6v\u00e4gen 5","city":"Moheda","country":"Sverige","zip":"342 60","phone":"073-988 54 40","geo_lat":57.0011176,"geo_lng":14.5702683,"json_ld":{"@type":"Place","name":"Equmeniakyrkan Moheda","description":"","url":"https:\/\/equmeniakyrkan.se\/alvesta-moheda\/plats\/equmeniakyrkan-moheda\/","address":{"@type":"PostalAddress","streetAddress":"V\u00e4xj\u00f6v\u00e4gen 5","addressLocality":"Moheda","postalCode":"342 60","addressCountry":"Sverige"},"geo":{"@type":"GeoCoordinates","latitude":57.0011176,"longitude":14.5702683},"telephone":"073-988 54 40","sameAs":""},"show_map":true,"show_map_link":true,"global_id":"equmeniakyrkan.se\/alvesta-moheda?id=37633","global_id_lineage":["equmeniakyrkan.se\/alvesta-moheda?id=37633"]},"organizer":[{"id":37635,"author":"116","status":"publish","date":"2018-06-16 16:10:54","date_utc":"2018-06-16 14:10:54","modified":"2018-06-16 16:10:54","modified_utc":"2018-06-16 14:10:54","url":"https:\/\/equmeniakyrkan.se\/alvesta-moheda\/arrangor\/equmeniakyrkan-alvesta-moheda\/","organizer":"Equmeniakyrkan Alvesta-Moheda","slug":"equmeniakyrkan-alvesta-moheda","json_ld":{"@type":"Person","name":"Equmeniakyrkan Alvesta-Moheda","description":"","url":"","telephone":"","email":"","sameAs":""},"global_id":"equmeniakyrkan.se\/alvesta-moheda?id=37635","global_id_lineage":["equmeniakyrkan.se\/alvesta-moheda?id=37635"]}],"custom_fields":[],"json_ld":{"@context":"http:\/\/schema.org","@type":"Event","name":"Gudstj\u00e4nst","description":"&lt;p&gt;Equmeniakyrkan Moheda Palms\u00f6ndagen \u201cV\u00e4gen till korset\u201d P\u00e4r Sandstedt, Johan Wallin, Sarah Petterson Kirabo och Gtj.gr 5&lt;\/p&gt;\\n","url":"https:\/\/equmeniakyrkan.se\/alvesta-moheda\/kalender\/gudstjanst-13\/","eventAttendanceMode":"https:\/\/schema.org\/OfflineEventAttendanceMode","eventStatus":"https:\/\/schema.org\/EventScheduled","startDate":"2025-04-13T10:00:00+02:00","endDate":"2025-04-13T12:00:00+02:00","location":{"@type":"Place","name":"Equmeniakyrkan Moheda","description":"","url":"https:\/\/equmeniakyrkan.se\/alvesta-moheda\/plats\/equmeniakyrkan-moheda\/","address":{"@type":"PostalAddress","streetAddress":"V\u00e4xj\u00f6v\u00e4gen 5","addressLocality":"Moheda","postalCode":"342 60","addressCountry":"Sverige"},"geo":{"@type":"GeoCoordinates","latitude":57.0011176,"longitude":14.5702683},"telephone":"073-988 54 40","sameAs":""},"organizer":{"@type":"Person","name":"Equmeniakyrkan Alvesta-Moheda","description":"","url":"","telephone":"","email":"","sameAs":""},"performer":"Organization"},"is_virtual":false,"virtual_url":null,"virtual_video_source":""}