{"id":10000977,"global_id":"equmeniakyrkan.se\/andreaskyrkanlulea?id=10000977","global_id_lineage":["equmeniakyrkan.se\/andreaskyrkanlulea?id=10000977"],"author":"295","status":"publish","date":"2025-09-10 16:26:19","date_utc":"2025-09-10 14:26:19","modified":"2025-09-10 16:26:19","modified_utc":"2025-09-10 14:26:19","url":"https:\/\/equmeniakyrkan.se\/andreaskyrkanlulea\/kalender\/torsdagsfika-14-16\/2025-10-16\/","rest_url":"https:\/\/equmeniakyrkan.se\/andreaskyrkanlulea\/wp-json\/tribe\/events\/v1\/events\/10000977","title":"Torsdagsfika 14-16","description":"<p>Torsdagsfika f\u00f6r dig som \u00e4r dagledig. Gammal eller ung, liten eller stor, alla \u00e4r v\u00e4lkomna! En stund av gemenskap, lek, l\u00e4xhj\u00e4lp eller samtal&#8230;<\/p>","excerpt":"","slug":"torsdagsfika-14-16","image":{"url":"https:\/\/equmeniakyrkan.se\/andreaskyrkanlulea\/wp-content\/uploads\/sites\/95\/2021\/09\/dsc-1889-2-1-e1757514104454.jpg","id":38625,"extension":"jpg","width":399,"height":333,"sizes":{"thumbnail":{"width":300,"height":300,"mime-type":"image\/jpeg","filesize":22860,"url":"https:\/\/equmeniakyrkan.se\/andreaskyrkanlulea\/wp-content\/uploads\/sites\/95\/2021\/09\/dsc-1889-2-1-e1757514104454-300x300.jpg"},"gform-image-choice-sm":{"width":300,"height":300,"mime-type":"image\/jpeg","filesize":22860,"url":"https:\/\/equmeniakyrkan.se\/andreaskyrkanlulea\/wp-content\/uploads\/sites\/95\/2021\/09\/dsc-1889-2-1-e1757514104454-300x300.jpg"}},"filesize":34787},"all_day":false,"start_date":"2025-10-16 14:00:00","start_date_details":{"year":"2025","month":"10","day":"16","hour":"14","minutes":"00","seconds":"00"},"end_date":"2025-10-16 16:00:00","end_date_details":{"year":"2025","month":"10","day":"16","hour":"16","minutes":"00","seconds":"00"},"utc_start_date":"2025-10-16 12:00:00","utc_start_date_details":{"year":"2025","month":"10","day":"16","hour":"12","minutes":"00","seconds":"00"},"utc_end_date":"2025-10-16 14:00:00","utc_end_date_details":{"year":"2025","month":"10","day":"16","hour":"14","minutes":"00","seconds":"00"},"timezone":"Europe\/Stockholm","timezone_abbr":"CEST","cost":"","cost_details":{"currency_symbol":"kr","currency_code":"USD","currency_position":"prefix","values":[]},"website":"","show_map":true,"show_map_link":true,"hide_from_listings":false,"sticky":false,"featured":false,"categories":[{"name":"Kalender","slug":"kalender","term_group":0,"term_taxonomy_id":16,"taxonomy":"tribe_events_cat","description":"","parent":0,"count":82,"filter":"raw","id":16,"urls":{"self":"https:\/\/equmeniakyrkan.se\/andreaskyrkanlulea\/wp-json\/tribe\/events\/v1\/categories\/16","collection":"https:\/\/equmeniakyrkan.se\/andreaskyrkanlulea\/wp-json\/tribe\/events\/v1\/categories"}},{"name":"P\u00e5 g\u00e5ng","slug":"pa-gang","term_group":0,"term_taxonomy_id":9,"taxonomy":"tribe_events_cat","description":"","parent":0,"count":42,"filter":"raw","id":9,"urls":{"self":"https:\/\/equmeniakyrkan.se\/andreaskyrkanlulea\/wp-json\/tribe\/events\/v1\/categories\/9","collection":"https:\/\/equmeniakyrkan.se\/andreaskyrkanlulea\/wp-json\/tribe\/events\/v1\/categories"}}],"tags":[],"venue":[],"organizer":[],"custom_fields":[],"json_ld":{"@context":"http:\/\/schema.org","@type":"Event","name":"Torsdagsfika 14-16","description":"&lt;p&gt;Torsdagsfika f\u00f6r dig som \u00e4r dagledig. Gammal eller ung, liten eller stor, alla \u00e4r v\u00e4lkomna! En stund av gemenskap, lek, l\u00e4xhj\u00e4lp eller samtal...&lt;\/p&gt;\\n","image":"https:\/\/equmeniakyrkan.se\/andreaskyrkanlulea\/wp-content\/uploads\/sites\/95\/2021\/09\/dsc-1889-2-1-e1757514104454.jpg","url":"https:\/\/equmeniakyrkan.se\/andreaskyrkanlulea\/kalender\/torsdagsfika-14-16\/2025-10-16\/","eventAttendanceMode":"https:\/\/schema.org\/OfflineEventAttendanceMode","eventStatus":"https:\/\/schema.org\/EventScheduled","startDate":"2025-10-16T14:00:00+02:00","endDate":"2025-10-16T16:00:00+02:00","performer":"Organization"},"is_virtual":false,"virtual_url":null,"virtual_video_source":""}