{"id":39789,"global_id":"equmeniakyrkan.se\/andreaskyrkanlulea?id=39789","global_id_lineage":["equmeniakyrkan.se\/andreaskyrkanlulea?id=39789"],"author":"295","status":"publish","date":"2025-06-24 18:13:46","date_utc":"2025-06-24 16:13:46","modified":"2025-06-24 18:13:46","modified_utc":"2025-06-24 16:13:46","url":"https:\/\/equmeniakyrkan.se\/andreaskyrkanlulea\/kalender\/18-00-kvallsgudstjanst-2\/","rest_url":"https:\/\/equmeniakyrkan.se\/andreaskyrkanlulea\/wp-json\/tribe\/events\/v1\/events\/39789","title":"18.00 Kv\u00e4llsgudstj\u00e4nst","description":"<p>V\u00e4lkomna till en kv\u00e4llsgudstj\u00e4nst tillsammans med Gudrun Back. Efter\u00e5t serveras det kyrkfika f\u00f6r alla som vill och kan forts\u00e4tta gemenskapen kring fikabordet.<\/p>","excerpt":"","slug":"18-00-kvallsgudstjanst-2","image":{"url":"https:\/\/equmeniakyrkan.se\/andreaskyrkanlulea\/wp-content\/uploads\/sites\/95\/2022\/06\/20220530-175659-scaled-e1688032189625.jpg","id":38733,"extension":"jpg","width":2259,"height":838,"sizes":{"medium":{"width":640,"height":237,"mime-type":"image\/jpeg","filesize":115398,"url":"https:\/\/equmeniakyrkan.se\/andreaskyrkanlulea\/wp-content\/uploads\/sites\/95\/2022\/06\/20220530-175659-scaled-e1688032189625-640x237.jpg"},"large":{"width":1500,"height":556,"mime-type":"image\/jpeg","filesize":297274,"url":"https:\/\/equmeniakyrkan.se\/andreaskyrkanlulea\/wp-content\/uploads\/sites\/95\/2022\/06\/20220530-175659-scaled-e1688032189625-1500x556.jpg"},"thumbnail":{"width":300,"height":300,"mime-type":"image\/jpeg","filesize":89290,"url":"https:\/\/equmeniakyrkan.se\/andreaskyrkanlulea\/wp-content\/uploads\/sites\/95\/2022\/06\/20220530-175659-scaled-e1688032189625-300x300.jpg"},"medium_large":{"width":768,"height":285,"mime-type":"image\/jpeg","filesize":138296,"url":"https:\/\/equmeniakyrkan.se\/andreaskyrkanlulea\/wp-content\/uploads\/sites\/95\/2022\/06\/20220530-175659-scaled-e1688032189625-768x285.jpg"},"1536x1536":{"width":1536,"height":570,"mime-type":"image\/jpeg","filesize":305517,"url":"https:\/\/equmeniakyrkan.se\/andreaskyrkanlulea\/wp-content\/uploads\/sites\/95\/2022\/06\/20220530-175659-scaled-e1688032189625-1536x570.jpg"},"2048x2048":{"width":2048,"height":760,"mime-type":"image\/jpeg","filesize":436720,"url":"https:\/\/equmeniakyrkan.se\/andreaskyrkanlulea\/wp-content\/uploads\/sites\/95\/2022\/06\/20220530-175659-scaled-e1688032189625-2048x760.jpg"},"xlarge":{"width":2048,"height":760,"mime-type":"image\/jpeg","filesize":436370,"url":"https:\/\/equmeniakyrkan.se\/andreaskyrkanlulea\/wp-content\/uploads\/sites\/95\/2022\/06\/20220530-175659-scaled-e1688032189625-2048x760.jpg"}},"original_image":"20220530-175659.jpg"},"all_day":false,"start_date":"2025-08-24 18:00:00","start_date_details":{"year":"2025","month":"08","day":"24","hour":"18","minutes":"00","seconds":"00"},"end_date":"2025-08-24 20:00:00","end_date_details":{"year":"2025","month":"08","day":"24","hour":"20","minutes":"00","seconds":"00"},"utc_start_date":"2025-08-24 16:00:00","utc_start_date_details":{"year":"2025","month":"08","day":"24","hour":"16","minutes":"00","seconds":"00"},"utc_end_date":"2025-08-24 18:00:00","utc_end_date_details":{"year":"2025","month":"08","day":"24","hour":"18","minutes":"00","seconds":"00"},"timezone":"Europe\/Stockholm","timezone_abbr":"CEST","cost":"","cost_details":{"currency_symbol":"kr","currency_code":"USD","currency_position":"prefix","values":[]},"website":"","show_map":true,"show_map_link":true,"hide_from_listings":false,"sticky":false,"featured":false,"categories":[{"name":"Gudstj\u00e4nst","slug":"gudstjanst","term_group":0,"term_taxonomy_id":10,"taxonomy":"tribe_events_cat","description":"","parent":0,"count":67,"filter":"raw","id":10,"urls":{"self":"https:\/\/equmeniakyrkan.se\/andreaskyrkanlulea\/wp-json\/tribe\/events\/v1\/categories\/10","collection":"https:\/\/equmeniakyrkan.se\/andreaskyrkanlulea\/wp-json\/tribe\/events\/v1\/categories"}},{"name":"Kalender","slug":"kalender","term_group":0,"term_taxonomy_id":16,"taxonomy":"tribe_events_cat","description":"","parent":0,"count":82,"filter":"raw","id":16,"urls":{"self":"https:\/\/equmeniakyrkan.se\/andreaskyrkanlulea\/wp-json\/tribe\/events\/v1\/categories\/16","collection":"https:\/\/equmeniakyrkan.se\/andreaskyrkanlulea\/wp-json\/tribe\/events\/v1\/categories"}},{"name":"P\u00e5 g\u00e5ng","slug":"pa-gang","term_group":0,"term_taxonomy_id":9,"taxonomy":"tribe_events_cat","description":"","parent":0,"count":42,"filter":"raw","id":9,"urls":{"self":"https:\/\/equmeniakyrkan.se\/andreaskyrkanlulea\/wp-json\/tribe\/events\/v1\/categories\/9","collection":"https:\/\/equmeniakyrkan.se\/andreaskyrkanlulea\/wp-json\/tribe\/events\/v1\/categories"}}],"tags":[],"venue":[],"organizer":[],"custom_fields":[],"json_ld":{"@context":"http:\/\/schema.org","@type":"Event","name":"18.00 Kv\u00e4llsgudstj\u00e4nst","description":"&lt;p&gt;V\u00e4lkomna till en kv\u00e4llsgudstj\u00e4nst tillsammans med Gudrun Back. Efter\u00e5t serveras det kyrkfika f\u00f6r alla som vill och kan forts\u00e4tta gemenskapen kring fikabordet.&lt;\/p&gt;\\n","image":"https:\/\/equmeniakyrkan.se\/andreaskyrkanlulea\/wp-content\/uploads\/sites\/95\/2022\/06\/20220530-175659-scaled-e1688032189625.jpg","url":"https:\/\/equmeniakyrkan.se\/andreaskyrkanlulea\/kalender\/18-00-kvallsgudstjanst-2\/","eventAttendanceMode":"https:\/\/schema.org\/OfflineEventAttendanceMode","eventStatus":"https:\/\/schema.org\/EventScheduled","startDate":"2025-08-24T18:00:00+02:00","endDate":"2025-08-24T20:00:00+02:00","performer":"Organization"},"is_virtual":false,"virtual_url":null,"virtual_video_source":""}