{"id":42199,"global_id":"equmeniakyrkan.se\/angekyrkan?id=42199","global_id_lineage":["equmeniakyrkan.se\/angekyrkan?id=42199"],"author":"260","status":"publish","date":"2026-02-27 17:41:58","date_utc":"2026-02-27 16:41:58","modified":"2026-02-27 17:41:58","modified_utc":"2026-02-27 16:41:58","url":"https:\/\/equmeniakyrkan.se\/angekyrkan\/kalender\/gudstjanst-i-angekyrkan-och-pa-facebook-med-lars-edvin-nilsing-sang-musik-tomas-bergius-ekumeniskt-kyrkkaffe-i-stadsparken\/","rest_url":"https:\/\/equmeniakyrkan.se\/angekyrkan\/wp-json\/tribe\/events\/v1\/events\/42199","title":"Gudstj\u00e4nst i \u00c4ngekyrkan och p\u00e5 FaceBook med Lars Edvin Nilsing. S\u00e5ng &#038; musik Tomas Bergius. Ekumeniskt kyrkkaffe i Stadsparken.","description":"","excerpt":"","slug":"gudstjanst-i-angekyrkan-och-pa-facebook-med-lars-edvin-nilsing-sang-musik-tomas-bergius-ekumeniskt-kyrkkaffe-i-stadsparken","image":false,"all_day":false,"start_date":"2026-05-10 11:00:00","start_date_details":{"year":"2026","month":"05","day":"10","hour":"11","minutes":"00","seconds":"00"},"end_date":"2026-05-10 12:00:00","end_date_details":{"year":"2026","month":"05","day":"10","hour":"12","minutes":"00","seconds":"00"},"utc_start_date":"2026-05-10 09:00:00","utc_start_date_details":{"year":"2026","month":"05","day":"10","hour":"09","minutes":"00","seconds":"00"},"utc_end_date":"2026-05-10 10:00:00","utc_end_date_details":{"year":"2026","month":"05","day":"10","hour":"10","minutes":"00","seconds":"00"},"timezone":"Europe\/Stockholm","timezone_abbr":"CEST","cost":"","cost_details":{"currency_symbol":"kr","currency_code":"USD","currency_position":"prefix","values":[]},"website":"","show_map":true,"show_map_link":true,"hide_from_listings":false,"sticky":false,"featured":false,"categories":[],"tags":[],"venue":[],"organizer":[],"custom_fields":[],"json_ld":{"@context":"http:\/\/schema.org","@type":"Event","name":"Gudstj\u00e4nst i \u00c4ngekyrkan och p\u00e5 FaceBook med Lars Edvin Nilsing. S\u00e5ng &#038; musik Tomas Bergius. Ekumeniskt kyrkkaffe i Stadsparken.","description":"","url":"https:\/\/equmeniakyrkan.se\/angekyrkan\/kalender\/gudstjanst-i-angekyrkan-och-pa-facebook-med-lars-edvin-nilsing-sang-musik-tomas-bergius-ekumeniskt-kyrkkaffe-i-stadsparken\/","eventAttendanceMode":"https:\/\/schema.org\/OfflineEventAttendanceMode","eventStatus":"https:\/\/schema.org\/EventScheduled","startDate":"2026-05-10T11:00:00+02:00","endDate":"2026-05-10T12:00:00+02:00","performer":"Organization"},"is_virtual":false,"virtual_url":null,"virtual_video_source":""}