{"id":10000221,"global_id":"equmeniakyrkan.se\/boden?id=10000221","global_id_lineage":["equmeniakyrkan.se\/boden?id=10000221"],"author":"160","status":"publish","date":"2021-01-14 16:13:56","date_utc":"2021-01-14 15:13:56","modified":"2021-03-02 13:44:48","modified_utc":"2021-03-02 12:44:48","url":"https:\/\/equmeniakyrkan.se\/boden\/kalender\/livsstegen-grupptraff\/2021-05-26\/","rest_url":"https:\/\/equmeniakyrkan.se\/boden\/wp-json\/tribe\/events\/v1\/events\/10000221","title":"Livsstegen grupptr\u00e4ff","description":"<p>Livsstegen grupptr\u00e4ff (tidig grupp). Vi m\u00f6ts onsdagar i kyrksalen kl. 16:30 &#8211; 18:00. (under perioden 10\/3 &#8211; 26\/5).\u00a0Endast f\u00f6r anm\u00e4lda gruppdeltagare.<\/p>\n<p>&nbsp;<\/p>","excerpt":"","slug":"livsstegen-grupptraff","image":{"url":"https:\/\/equmeniakyrkan.se\/boden\/wp-content\/uploads\/sites\/42\/2020\/10\/livsstegen_omslag_hogupplost.jpg","id":325,"extension":"jpg","width":999,"height":1417,"sizes":{"medium":{"width":451,"height":640,"mime-type":"image\/jpeg","url":"https:\/\/equmeniakyrkan.se\/boden\/wp-content\/uploads\/sites\/42\/2020\/10\/livsstegen_omslag_hogupplost-451x640.jpg"},"thumbnail":{"width":300,"height":300,"mime-type":"image\/jpeg","url":"https:\/\/equmeniakyrkan.se\/boden\/wp-content\/uploads\/sites\/42\/2020\/10\/livsstegen_omslag_hogupplost-300x300.jpg"},"medium_large":{"width":768,"height":1089,"mime-type":"image\/jpeg","url":"https:\/\/equmeniakyrkan.se\/boden\/wp-content\/uploads\/sites\/42\/2020\/10\/livsstegen_omslag_hogupplost-768x1089.jpg"},"person":{"width":500,"height":500,"mime-type":"image\/jpeg","url":"https:\/\/equmeniakyrkan.se\/boden\/wp-content\/uploads\/sites\/42\/2020\/10\/livsstegen_omslag_hogupplost-500x500.jpg"}}},"all_day":false,"start_date":"2021-05-26 16:30:00","start_date_details":{"year":"2021","month":"05","day":"26","hour":"16","minutes":"30","seconds":"00"},"end_date":"2021-05-26 18:00:00","end_date_details":{"year":"2021","month":"05","day":"26","hour":"18","minutes":"00","seconds":"00"},"utc_start_date":"2021-05-26 14:30:00","utc_start_date_details":{"year":"2021","month":"05","day":"26","hour":"14","minutes":"30","seconds":"00"},"utc_end_date":"2021-05-26 16:00:00","utc_end_date_details":{"year":"2021","month":"05","day":"26","hour":"16","minutes":"00","seconds":"00"},"timezone":"Europe\/Stockholm","timezone_abbr":"CET","cost":"","cost_details":{"currency_symbol":"","currency_code":"","currency_position":"prefix","values":[]},"website":"https:\/\/equmeniakyrkan.se\/boden\/livsstegen\/","show_map":true,"show_map_link":true,"hide_from_listings":false,"sticky":false,"featured":false,"categories":[{"name":"Livsstegen","slug":"livsstegen","term_group":0,"term_taxonomy_id":42,"taxonomy":"tribe_events_cat","description":"","parent":0,"count":31,"filter":"raw","id":42,"urls":{"self":"https:\/\/equmeniakyrkan.se\/boden\/wp-json\/tribe\/events\/v1\/categories\/42","collection":"https:\/\/equmeniakyrkan.se\/boden\/wp-json\/tribe\/events\/v1\/categories"}}],"tags":[{"name":"diakoni","slug":"diakoni","term_group":0,"term_taxonomy_id":23,"taxonomy":"post_tag","description":"","parent":0,"count":22,"filter":"raw","id":23,"urls":{"self":"https:\/\/equmeniakyrkan.se\/boden\/wp-json\/tribe\/events\/v1\/tags\/23","collection":"https:\/\/equmeniakyrkan.se\/boden\/wp-json\/tribe\/events\/v1\/tags"}},{"name":"gruppsamtal","slug":"gruppsamtal","term_group":0,"term_taxonomy_id":24,"taxonomy":"post_tag","description":"","parent":0,"count":11,"filter":"raw","id":24,"urls":{"self":"https:\/\/equmeniakyrkan.se\/boden\/wp-json\/tribe\/events\/v1\/tags\/24","collection":"https:\/\/equmeniakyrkan.se\/boden\/wp-json\/tribe\/events\/v1\/tags"}},{"name":"livsstegen","slug":"livsstegen","term_group":0,"term_taxonomy_id":20,"taxonomy":"post_tag","description":"","parent":0,"count":12,"filter":"raw","id":20,"urls":{"self":"https:\/\/equmeniakyrkan.se\/boden\/wp-json\/tribe\/events\/v1\/tags\/20","collection":"https:\/\/equmeniakyrkan.se\/boden\/wp-json\/tribe\/events\/v1\/tags"}},{"name":"samtal","slug":"samtal","term_group":0,"term_taxonomy_id":22,"taxonomy":"post_tag","description":"","parent":0,"count":6,"filter":"raw","id":22,"urls":{"self":"https:\/\/equmeniakyrkan.se\/boden\/wp-json\/tribe\/events\/v1\/tags\/22","collection":"https:\/\/equmeniakyrkan.se\/boden\/wp-json\/tribe\/events\/v1\/tags"}},{"name":"Sj\u00e4lav\u00e5rd","slug":"sjalavard","term_group":0,"term_taxonomy_id":19,"taxonomy":"post_tag","description":"","parent":0,"count":6,"filter":"raw","id":19,"urls":{"self":"https:\/\/equmeniakyrkan.se\/boden\/wp-json\/tribe\/events\/v1\/tags\/19","collection":"https:\/\/equmeniakyrkan.se\/boden\/wp-json\/tribe\/events\/v1\/tags"}}],"venue":{"id":65,"author":"160","status":"publish","date":"2020-12-12 20:24:29","date_utc":"2020-12-12 19:24:29","modified":"2020-12-12 20:25:06","modified_utc":"2020-12-12 19:25:06","url":"https:\/\/equmeniakyrkan.se\/boden\/plats\/johanneskyrkan\/","venue":"Johanneskyrkan Boden Equmeniakyrkan","slug":"johanneskyrkan","address":"Drottninggatan","city":"Boden","country":"Sverige","zip":"96177","phone":"0921-12916","website":"https:\/\/equmeniakyrkan.se\/boden\/","json_ld":{"@type":"Place","name":"Johanneskyrkan Boden Equmeniakyrkan","description":"","url":"https:\/\/equmeniakyrkan.se\/boden\/plats\/johanneskyrkan\/","address":{"@type":"PostalAddress","streetAddress":"Drottninggatan","addressLocality":"Boden","postalCode":"96177","addressCountry":"Sverige"},"telephone":"0921-12916","sameAs":"https:\/\/equmeniakyrkan.se\/boden\/"},"show_map":true,"show_map_link":true,"global_id":"equmeniakyrkan.se\/boden?id=65","global_id_lineage":["equmeniakyrkan.se\/boden?id=65"]},"organizer":[{"id":750,"author":"160","status":"publish","date":"2021-01-14 16:13:57","date_utc":"2021-01-14 15:13:57","modified":"2021-01-14 16:13:57","modified_utc":"2021-01-14 15:13:57","url":"https:\/\/equmeniakyrkan.se\/boden\/arrangor\/johanneskyrkan-boden-2\/","organizer":"Johanneskyrkan Boden","slug":"johanneskyrkan-boden-2","phone":"0921-12916","json_ld":{"@type":"Person","name":"Johanneskyrkan Boden","description":"","url":"","telephone":"0921-12916","email":"","sameAs":""},"global_id":"equmeniakyrkan.se\/boden?id=750","global_id_lineage":["equmeniakyrkan.se\/boden?id=750"]}],"custom_fields":[],"json_ld":{"@context":"http:\/\/schema.org","@type":"Event","name":"Livsstegen grupptr\u00e4ff","description":"&lt;p&gt;Livsstegen grupptr\u00e4ff (tidig grupp). Vi m\u00f6ts onsdagar i kyrksalen kl. 16:30 - 18:00. (under perioden 10\/3 - 26\/5).\u00a0Endast f\u00f6r anm\u00e4lda gruppdeltagare. &nbsp;&lt;\/p&gt;\\n","image":"https:\/\/equmeniakyrkan.se\/boden\/wp-content\/uploads\/sites\/42\/2020\/10\/livsstegen_omslag_hogupplost.jpg","url":"https:\/\/equmeniakyrkan.se\/boden\/kalender\/livsstegen-grupptraff\/2021-05-26\/","eventAttendanceMode":"https:\/\/schema.org\/OfflineEventAttendanceMode","eventStatus":"https:\/\/schema.org\/EventScheduled","startDate":"2021-05-26T16:30:00+02:00","endDate":"2021-05-26T18:00:00+02:00","location":{"@type":"Place","name":"Johanneskyrkan Boden Equmeniakyrkan","description":"","url":"https:\/\/equmeniakyrkan.se\/boden\/plats\/johanneskyrkan\/","address":{"@type":"PostalAddress","streetAddress":"Drottninggatan","addressLocality":"Boden","postalCode":"96177","addressCountry":"Sverige"},"telephone":"0921-12916","sameAs":"https:\/\/equmeniakyrkan.se\/boden\/"},"organizer":{"@type":"Person","name":"Johanneskyrkan Boden","description":"","url":"","telephone":"0921-12916","email":"","sameAs":""},"performer":"Organization"},"is_virtual":false,"virtual_url":null,"virtual_video_source":""}