{"id":10000330,"global_id":"equmeniakyrkan.se\/boden?id=10000330","global_id_lineage":["equmeniakyrkan.se\/boden?id=10000330"],"author":"160","status":"publish","date":"2022-08-22 19:38:40","date_utc":"2022-08-22 17:38:40","modified":"2022-11-11 11:22:55","modified_utc":"2022-11-11 10:22:55","url":"https:\/\/equmeniakyrkan.se\/boden\/kalender\/lunch-alpha-en-social-motesplats-som-utforskar-grunderna-i-den-kristna-tron\/2022-11-29\/","rest_url":"https:\/\/equmeniakyrkan.se\/boden\/wp-json\/tribe\/events\/v1\/events\/10000330","title":"Filmvisning av serien Chosen med lunch","description":"<p><span style=\"color: var(--theme--palette--body-text); font-size: 1rem; letter-spacing: -0.006em;\">P\u00e5 tisdagar kl. 12-14 ser vi p\u00e5 storsk\u00e4rm i kyrksalen serien Chosen. Den \u00e4r p\u00e5 engelska men med svensk textning. Vi m\u00f6ts vid 12 och \u00e4ter lunch ihop\u00a0<\/span>och ser ett avsnitt (ca 1 timma) varje tisdag. Alla \u00e4r varmt v\u00e4lkomna!<\/p>\n<p><span style=\"color: var(--theme--palette--body-text); font-size: 1rem; letter-spacing: -0.006em;\">I samarbete med Studief\u00f6rbundet Bilda och Bilda Nord.<\/span><\/p>","excerpt":"","slug":"lunch-alpha-en-social-motesplats-som-utforskar-grunderna-i-den-kristna-tron","image":{"url":"https:\/\/equmeniakyrkan.se\/boden\/wp-content\/uploads\/sites\/42\/2022\/08\/skarmavbild-2022-11-11-kl-112112.png","id":1701,"extension":"png","width":1648,"height":986,"filesize":2261269,"sizes":{"medium":{"width":640,"height":383,"mime-type":"image\/png","filesize":304527,"url":"https:\/\/equmeniakyrkan.se\/boden\/wp-content\/uploads\/sites\/42\/2022\/08\/skarmavbild-2022-11-11-kl-112112-640x383.png"},"large":{"width":1500,"height":897,"mime-type":"image\/png","filesize":1256355,"url":"https:\/\/equmeniakyrkan.se\/boden\/wp-content\/uploads\/sites\/42\/2022\/08\/skarmavbild-2022-11-11-kl-112112-1500x897.png"},"thumbnail":{"width":300,"height":300,"mime-type":"image\/png","filesize":121898,"url":"https:\/\/equmeniakyrkan.se\/boden\/wp-content\/uploads\/sites\/42\/2022\/08\/skarmavbild-2022-11-11-kl-112112-300x300.png"},"medium_large":{"width":768,"height":459,"mime-type":"image\/png","filesize":415981,"url":"https:\/\/equmeniakyrkan.se\/boden\/wp-content\/uploads\/sites\/42\/2022\/08\/skarmavbild-2022-11-11-kl-112112-768x459.png"},"1536x1536":{"width":1536,"height":919,"mime-type":"image\/png","filesize":1303924,"url":"https:\/\/equmeniakyrkan.se\/boden\/wp-content\/uploads\/sites\/42\/2022\/08\/skarmavbild-2022-11-11-kl-112112-1536x919.png"}}},"all_day":false,"start_date":"2022-11-29 12:00:00","start_date_details":{"year":"2022","month":"11","day":"29","hour":"12","minutes":"00","seconds":"00"},"end_date":"2022-11-29 14:00:00","end_date_details":{"year":"2022","month":"11","day":"29","hour":"14","minutes":"00","seconds":"00"},"utc_start_date":"2022-11-29 11:00:00","utc_start_date_details":{"year":"2022","month":"11","day":"29","hour":"11","minutes":"00","seconds":"00"},"utc_end_date":"2022-11-29 13:00:00","utc_end_date_details":{"year":"2022","month":"11","day":"29","hour":"13","minutes":"00","seconds":"00"},"timezone":"Europe\/Stockholm","timezone_abbr":"CEST","cost":"","cost_details":{"currency_symbol":"","currency_code":"","currency_position":"prefix","values":[]},"website":"","show_map":true,"show_map_link":true,"hide_from_listings":false,"sticky":false,"featured":false,"categories":[{"name":"Bibelstudium","slug":"bibelstudium","term_group":0,"term_taxonomy_id":41,"taxonomy":"tribe_events_cat","description":"","parent":0,"count":1,"filter":"raw","id":41,"urls":{"self":"https:\/\/equmeniakyrkan.se\/boden\/wp-json\/tribe\/events\/v1\/categories\/41","collection":"https:\/\/equmeniakyrkan.se\/boden\/wp-json\/tribe\/events\/v1\/categories"}},{"name":"Kulturevenemang","slug":"kulturevenemang","term_group":0,"term_taxonomy_id":76,"taxonomy":"tribe_events_cat","description":"","parent":0,"count":3,"filter":"raw","id":76,"urls":{"self":"https:\/\/equmeniakyrkan.se\/boden\/wp-json\/tribe\/events\/v1\/categories\/76","collection":"https:\/\/equmeniakyrkan.se\/boden\/wp-json\/tribe\/events\/v1\/categories"}},{"name":"\u00d6ppna dagaktiviteter","slug":"oppna-dagaktiviteter","term_group":0,"term_taxonomy_id":40,"taxonomy":"tribe_events_cat","description":"","parent":0,"count":32,"filter":"raw","id":40,"urls":{"self":"https:\/\/equmeniakyrkan.se\/boden\/wp-json\/tribe\/events\/v1\/categories\/40","collection":"https:\/\/equmeniakyrkan.se\/boden\/wp-json\/tribe\/events\/v1\/categories"}}],"tags":[{"name":"bibel","slug":"bibel","term_group":0,"term_taxonomy_id":81,"taxonomy":"post_tag","description":"","parent":0,"count":18,"filter":"raw","id":81,"urls":{"self":"https:\/\/equmeniakyrkan.se\/boden\/wp-json\/tribe\/events\/v1\/tags\/81","collection":"https:\/\/equmeniakyrkan.se\/boden\/wp-json\/tribe\/events\/v1\/tags"}},{"name":"dagaktivitet","slug":"dagaktivitet","term_group":0,"term_taxonomy_id":63,"taxonomy":"post_tag","description":"","parent":0,"count":9,"filter":"raw","id":63,"urls":{"self":"https:\/\/equmeniakyrkan.se\/boden\/wp-json\/tribe\/events\/v1\/tags\/63","collection":"https:\/\/equmeniakyrkan.se\/boden\/wp-json\/tribe\/events\/v1\/tags"}},{"name":"equmeniakyrkan","slug":"equmeniakyrkan","term_group":0,"term_taxonomy_id":29,"taxonomy":"post_tag","description":"","parent":0,"count":49,"filter":"raw","id":29,"urls":{"self":"https:\/\/equmeniakyrkan.se\/boden\/wp-json\/tribe\/events\/v1\/tags\/29","collection":"https:\/\/equmeniakyrkan.se\/boden\/wp-json\/tribe\/events\/v1\/tags"}},{"name":"f\u00f6rsamling","slug":"forsamling","term_group":0,"term_taxonomy_id":28,"taxonomy":"post_tag","description":"","parent":0,"count":66,"filter":"raw","id":28,"urls":{"self":"https:\/\/equmeniakyrkan.se\/boden\/wp-json\/tribe\/events\/v1\/tags\/28","collection":"https:\/\/equmeniakyrkan.se\/boden\/wp-json\/tribe\/events\/v1\/tags"}},{"name":"gemenskap","slug":"gemenskap","term_group":0,"term_taxonomy_id":7,"taxonomy":"post_tag","description":"","parent":0,"count":67,"filter":"raw","id":7,"urls":{"self":"https:\/\/equmeniakyrkan.se\/boden\/wp-json\/tribe\/events\/v1\/tags\/7","collection":"https:\/\/equmeniakyrkan.se\/boden\/wp-json\/tribe\/events\/v1\/tags"}},{"name":"gruppsamtal","slug":"gruppsamtal","term_group":0,"term_taxonomy_id":24,"taxonomy":"post_tag","description":"","parent":0,"count":11,"filter":"raw","id":24,"urls":{"self":"https:\/\/equmeniakyrkan.se\/boden\/wp-json\/tribe\/events\/v1\/tags\/24","collection":"https:\/\/equmeniakyrkan.se\/boden\/wp-json\/tribe\/events\/v1\/tags"}},{"name":"Gud","slug":"gud","term_group":0,"term_taxonomy_id":13,"taxonomy":"post_tag","description":"","parent":0,"count":35,"filter":"raw","id":13,"urls":{"self":"https:\/\/equmeniakyrkan.se\/boden\/wp-json\/tribe\/events\/v1\/tags\/13","collection":"https:\/\/equmeniakyrkan.se\/boden\/wp-json\/tribe\/events\/v1\/tags"}},{"name":"Jesus","slug":"jesus","term_group":0,"term_taxonomy_id":14,"taxonomy":"post_tag","description":"","parent":0,"count":38,"filter":"raw","id":14,"urls":{"self":"https:\/\/equmeniakyrkan.se\/boden\/wp-json\/tribe\/events\/v1\/tags\/14","collection":"https:\/\/equmeniakyrkan.se\/boden\/wp-json\/tribe\/events\/v1\/tags"}},{"name":"studier","slug":"studier","term_group":0,"term_taxonomy_id":33,"taxonomy":"post_tag","description":"","parent":0,"count":9,"filter":"raw","id":33,"urls":{"self":"https:\/\/equmeniakyrkan.se\/boden\/wp-json\/tribe\/events\/v1\/tags\/33","collection":"https:\/\/equmeniakyrkan.se\/boden\/wp-json\/tribe\/events\/v1\/tags"}},{"name":"tro","slug":"tro","term_group":0,"term_taxonomy_id":80,"taxonomy":"post_tag","description":"","parent":0,"count":18,"filter":"raw","id":80,"urls":{"self":"https:\/\/equmeniakyrkan.se\/boden\/wp-json\/tribe\/events\/v1\/tags\/80","collection":"https:\/\/equmeniakyrkan.se\/boden\/wp-json\/tribe\/events\/v1\/tags"}}],"venue":{"id":65,"author":"160","status":"publish","date":"2020-12-12 20:24:29","date_utc":"2020-12-12 19:24:29","modified":"2020-12-12 20:25:06","modified_utc":"2020-12-12 19:25:06","url":"https:\/\/equmeniakyrkan.se\/boden\/plats\/johanneskyrkan\/","venue":"Johanneskyrkan Boden Equmeniakyrkan","slug":"johanneskyrkan","address":"Drottninggatan","city":"Boden","country":"Sverige","zip":"96177","phone":"0921-12916","website":"https:\/\/equmeniakyrkan.se\/boden\/","json_ld":{"@type":"Place","name":"Johanneskyrkan Boden Equmeniakyrkan","description":"","url":"https:\/\/equmeniakyrkan.se\/boden\/plats\/johanneskyrkan\/","address":{"@type":"PostalAddress","streetAddress":"Drottninggatan","addressLocality":"Boden","postalCode":"96177","addressCountry":"Sverige"},"telephone":"0921-12916","sameAs":"https:\/\/equmeniakyrkan.se\/boden\/"},"show_map":true,"show_map_link":true,"global_id":"equmeniakyrkan.se\/boden?id=65","global_id_lineage":["equmeniakyrkan.se\/boden?id=65"]},"organizer":[{"id":1522,"author":"160","status":"publish","date":"2022-08-22 19:19:41","date_utc":"2022-08-22 17:19:41","modified":"2022-08-22 19:19:41","modified_utc":"2022-08-22 17:19:41","url":"https:\/\/equmeniakyrkan.se\/boden\/arrangor\/bilda-nord\/","organizer":"Bilda Nord","slug":"bilda-nord","website":"https:\/\/www.bilda.nu","json_ld":{"@type":"Person","name":"Bilda Nord","description":"","url":"https:\/\/www.bilda.nu","telephone":"","email":"","sameAs":"https:\/\/www.bilda.nu"},"global_id":"equmeniakyrkan.se\/boden?id=1522","global_id_lineage":["equmeniakyrkan.se\/boden?id=1522"]},{"id":748,"author":"160","status":"publish","date":"2021-01-14 16:13:56","date_utc":"2021-01-14 15:13:56","modified":"2021-01-14 16:13:56","modified_utc":"2021-01-14 15:13:56","url":"https:\/\/equmeniakyrkan.se\/boden\/arrangor\/johanneskyrkan-boden\/","organizer":"Johanneskyrkan Boden","slug":"johanneskyrkan-boden","phone":"0921-12916","json_ld":{"@type":"Person","name":"Johanneskyrkan Boden","description":"","url":"","telephone":"0921-12916","email":"","sameAs":""},"global_id":"equmeniakyrkan.se\/boden?id=748","global_id_lineage":["equmeniakyrkan.se\/boden?id=748"]}],"custom_fields":[],"json_ld":{"@context":"http:\/\/schema.org","@type":"Event","name":"Filmvisning av serien Chosen med lunch","description":"&lt;p&gt;P\u00e5 tisdagar kl. 12-14 ser vi p\u00e5 storsk\u00e4rm i kyrksalen serien Chosen. Den \u00e4r p\u00e5 engelska men med svensk textning. Vi m\u00f6ts vid 12 och \u00e4ter lunch ihop\u00a0och ser ett [&hellip;]&lt;\/p&gt;\\n","image":"https:\/\/equmeniakyrkan.se\/boden\/wp-content\/uploads\/sites\/42\/2022\/08\/skarmavbild-2022-11-11-kl-112112.png","url":"https:\/\/equmeniakyrkan.se\/boden\/kalender\/lunch-alpha-en-social-motesplats-som-utforskar-grunderna-i-den-kristna-tron\/2022-11-29\/","eventAttendanceMode":"https:\/\/schema.org\/OfflineEventAttendanceMode","eventStatus":"https:\/\/schema.org\/EventScheduled","startDate":"2022-11-29T12:00:00+01:00","endDate":"2022-11-29T14:00:00+01:00","location":{"@type":"Place","name":"Johanneskyrkan Boden Equmeniakyrkan","description":"","url":"https:\/\/equmeniakyrkan.se\/boden\/plats\/johanneskyrkan\/","address":{"@type":"PostalAddress","streetAddress":"Drottninggatan","addressLocality":"Boden","postalCode":"96177","addressCountry":"Sverige"},"telephone":"0921-12916","sameAs":"https:\/\/equmeniakyrkan.se\/boden\/"},"organizer":{"@type":"Person","name":"Bilda Nord","description":"","url":"https:\/\/www.bilda.nu","telephone":"","email":"","sameAs":"https:\/\/www.bilda.nu"},"performer":"Organization"},"is_virtual":false,"virtual_url":null,"virtual_video_source":""}