{"id":1196,"global_id":"equmeniakyrkan.se\/boden?id=1196","global_id_lineage":["equmeniakyrkan.se\/boden?id=1196"],"author":"160","status":"publish","date":"2022-01-21 19:03:52","date_utc":"2022-01-21 18:03:52","modified":"2022-04-13 13:25:48","modified_utc":"2022-04-13 11:25:48","url":"https:\/\/equmeniakyrkan.se\/boden\/kalender\/sondagsgudstjanst-kl-1100-2022-03-20-2022-04-03-2022-04-17\/","rest_url":"https:\/\/equmeniakyrkan.se\/boden\/wp-json\/tribe\/events\/v1\/events\/1196","title":"P\u00e5skdagsgudstj\u00e4nst kl. 11:00, 17 april 2022","description":"<p><span style=\"color: var(--theme--palette--body-text); font-size: 1rem; letter-spacing: -0.006em;\">Varmt v\u00e4lkommen att fira p\u00e5skdagen gl\u00e4dje och gudstj\u00e4nst i Johanneskyrkan, p\u00e5 s\u00f6ndag kl. 11:00. Musik: Elena fr\u00e5n Ukraina. Predikan: \u00c5sa Marie Brandin. Festligt fika efter gudstj\u00e4nsten. Alla \u00e4r v\u00e4lkomna.\u00a0<\/span><\/p>\r\n<p>\u0422\u0435\u043f\u043b\u043e \u0432\u0456\u0442\u0430\u0454\u043c\u043e \u0432\u0456\u0434\u0441\u0432\u044f\u0442\u043a\u0443\u0432\u0430\u0442\u0438 \u0431\u043e\u0433\u043e\u0441\u043b\u0443\u0436\u0456\u043d\u043d\u044f \u0432 \u043d\u0435\u0434\u0456\u043b\u044e 17 April \u043e 11:00<br \/>\u0422\u0435\u043c\u0430 \u043d\u0430\u0441\u0442\u0443\u043f\u043d\u043e\u0457 \u043d\u0435\u0434\u0456\u043b\u0456 \u2013 Christ is risen<span style=\"color: var(--theme--palette--body-text); font-size: 1rem; letter-spacing: -0.006em;\"><br \/><\/span>\u00c5sa Marie Brandin \u043f\u0440\u043e\u043f\u043e\u0432\u0456\u0434\u043d\u0438\u043a.<br \/><span style=\"color: var(--theme--palette--body-text); font-size: 1rem; letter-spacing: -0.006em;\">K\u0430\u0432\u0430 \u043f\u0456\u0441\u043b\u044f \u0441\u043b\u0443\u0436\u0431\u0438 \u0434\u043b\u044f \u0432\u0441\u0456\u0445.<\/span><\/p>\r\n<p>&nbsp;<\/p>","excerpt":"","slug":"sondagsgudstjanst-kl-1100-2022-03-20-2022-04-03-2022-04-17","image":{"url":"https:\/\/equmeniakyrkan.se\/boden\/wp-content\/uploads\/sites\/42\/2022\/01\/skarmavbild-2022-04-13-kl-131505.png","id":1366,"extension":"png","width":2296,"height":986,"sizes":{"medium":{"width":640,"height":275,"mime-type":"image\/png","url":"https:\/\/equmeniakyrkan.se\/boden\/wp-content\/uploads\/sites\/42\/2022\/01\/skarmavbild-2022-04-13-kl-131505-640x275.png"},"large":{"width":1500,"height":644,"mime-type":"image\/png","url":"https:\/\/equmeniakyrkan.se\/boden\/wp-content\/uploads\/sites\/42\/2022\/01\/skarmavbild-2022-04-13-kl-131505-1500x644.png"},"thumbnail":{"width":300,"height":300,"mime-type":"image\/png","url":"https:\/\/equmeniakyrkan.se\/boden\/wp-content\/uploads\/sites\/42\/2022\/01\/skarmavbild-2022-04-13-kl-131505-300x300.png"},"medium_large":{"width":768,"height":330,"mime-type":"image\/png","url":"https:\/\/equmeniakyrkan.se\/boden\/wp-content\/uploads\/sites\/42\/2022\/01\/skarmavbild-2022-04-13-kl-131505-768x330.png"},"1536x1536":{"width":1536,"height":660,"mime-type":"image\/png","url":"https:\/\/equmeniakyrkan.se\/boden\/wp-content\/uploads\/sites\/42\/2022\/01\/skarmavbild-2022-04-13-kl-131505-1536x660.png"},"2048x2048":{"width":2048,"height":879,"mime-type":"image\/png","url":"https:\/\/equmeniakyrkan.se\/boden\/wp-content\/uploads\/sites\/42\/2022\/01\/skarmavbild-2022-04-13-kl-131505-2048x879.png"},"xlarge":{"width":2048,"height":879,"mime-type":"image\/png","url":"https:\/\/equmeniakyrkan.se\/boden\/wp-content\/uploads\/sites\/42\/2022\/01\/skarmavbild-2022-04-13-kl-131505-2048x879.png"}}},"all_day":false,"start_date":"2022-04-17 11:00:00","start_date_details":{"year":"2022","month":"04","day":"17","hour":"11","minutes":"00","seconds":"00"},"end_date":"2022-04-17 13:00:00","end_date_details":{"year":"2022","month":"04","day":"17","hour":"13","minutes":"00","seconds":"00"},"utc_start_date":"2022-04-17 09:00:00","utc_start_date_details":{"year":"2022","month":"04","day":"17","hour":"09","minutes":"00","seconds":"00"},"utc_end_date":"2022-04-17 11:00:00","utc_end_date_details":{"year":"2022","month":"04","day":"17","hour":"11","minutes":"00","seconds":"00"},"timezone":"Europe\/Stockholm","timezone_abbr":"CEST","cost":"","cost_details":{"currency_symbol":"","currency_code":"","currency_position":"prefix","values":[]},"website":"https:\/\/equmeniakyrkan.se\/boden\/gudstjanst\/","show_map":true,"show_map_link":true,"hide_from_listings":false,"sticky":true,"featured":false,"categories":[{"name":"Gudstj\u00e4nst","slug":"gudstjanst","term_group":0,"term_taxonomy_id":39,"taxonomy":"tribe_events_cat","description":"","parent":0,"count":54,"filter":"raw","id":39,"urls":{"self":"https:\/\/equmeniakyrkan.se\/boden\/wp-json\/tribe\/events\/v1\/categories\/39","collection":"https:\/\/equmeniakyrkan.se\/boden\/wp-json\/tribe\/events\/v1\/categories"}}],"tags":[{"name":"b\u00f6n","slug":"bon","term_group":0,"term_taxonomy_id":35,"taxonomy":"post_tag","description":"","parent":0,"count":30,"filter":"raw","id":35,"urls":{"self":"https:\/\/equmeniakyrkan.se\/boden\/wp-json\/tribe\/events\/v1\/tags\/35","collection":"https:\/\/equmeniakyrkan.se\/boden\/wp-json\/tribe\/events\/v1\/tags"}},{"name":"diakoni","slug":"diakoni","term_group":0,"term_taxonomy_id":23,"taxonomy":"post_tag","description":"","parent":0,"count":22,"filter":"raw","id":23,"urls":{"self":"https:\/\/equmeniakyrkan.se\/boden\/wp-json\/tribe\/events\/v1\/tags\/23","collection":"https:\/\/equmeniakyrkan.se\/boden\/wp-json\/tribe\/events\/v1\/tags"}},{"name":"equmeniakyrkan","slug":"equmeniakyrkan","term_group":0,"term_taxonomy_id":29,"taxonomy":"post_tag","description":"","parent":0,"count":49,"filter":"raw","id":29,"urls":{"self":"https:\/\/equmeniakyrkan.se\/boden\/wp-json\/tribe\/events\/v1\/tags\/29","collection":"https:\/\/equmeniakyrkan.se\/boden\/wp-json\/tribe\/events\/v1\/tags"}},{"name":"f\u00f6rsamling","slug":"forsamling","term_group":0,"term_taxonomy_id":28,"taxonomy":"post_tag","description":"","parent":0,"count":66,"filter":"raw","id":28,"urls":{"self":"https:\/\/equmeniakyrkan.se\/boden\/wp-json\/tribe\/events\/v1\/tags\/28","collection":"https:\/\/equmeniakyrkan.se\/boden\/wp-json\/tribe\/events\/v1\/tags"}},{"name":"gemenskap","slug":"gemenskap","term_group":0,"term_taxonomy_id":7,"taxonomy":"post_tag","description":"","parent":0,"count":67,"filter":"raw","id":7,"urls":{"self":"https:\/\/equmeniakyrkan.se\/boden\/wp-json\/tribe\/events\/v1\/tags\/7","collection":"https:\/\/equmeniakyrkan.se\/boden\/wp-json\/tribe\/events\/v1\/tags"}},{"name":"gudstj\u00e4nst","slug":"gudstjanst","term_group":0,"term_taxonomy_id":8,"taxonomy":"post_tag","description":"","parent":0,"count":40,"filter":"raw","id":8,"urls":{"self":"https:\/\/equmeniakyrkan.se\/boden\/wp-json\/tribe\/events\/v1\/tags\/8","collection":"https:\/\/equmeniakyrkan.se\/boden\/wp-json\/tribe\/events\/v1\/tags"}},{"name":"kyrka","slug":"kyrka","term_group":0,"term_taxonomy_id":50,"taxonomy":"post_tag","description":"","parent":0,"count":40,"filter":"raw","id":50,"urls":{"self":"https:\/\/equmeniakyrkan.se\/boden\/wp-json\/tribe\/events\/v1\/tags\/50","collection":"https:\/\/equmeniakyrkan.se\/boden\/wp-json\/tribe\/events\/v1\/tags"}},{"name":"studier","slug":"studier","term_group":0,"term_taxonomy_id":33,"taxonomy":"post_tag","description":"","parent":0,"count":9,"filter":"raw","id":33,"urls":{"self":"https:\/\/equmeniakyrkan.se\/boden\/wp-json\/tribe\/events\/v1\/tags\/33","collection":"https:\/\/equmeniakyrkan.se\/boden\/wp-json\/tribe\/events\/v1\/tags"}}],"venue":{"id":65,"author":"160","status":"publish","date":"2020-12-12 20:24:29","date_utc":"2020-12-12 19:24:29","modified":"2020-12-12 20:25:06","modified_utc":"2020-12-12 19:25:06","url":"https:\/\/equmeniakyrkan.se\/boden\/plats\/johanneskyrkan\/","venue":"Johanneskyrkan Boden Equmeniakyrkan","slug":"johanneskyrkan","address":"Drottninggatan","city":"Boden","country":"Sverige","zip":"96177","phone":"0921-12916","website":"https:\/\/equmeniakyrkan.se\/boden\/","json_ld":{"@type":"Place","name":"Johanneskyrkan Boden Equmeniakyrkan","description":"","url":"https:\/\/equmeniakyrkan.se\/boden\/plats\/johanneskyrkan\/","address":{"@type":"PostalAddress","streetAddress":"Drottninggatan","addressLocality":"Boden","postalCode":"96177","addressCountry":"Sverige"},"telephone":"0921-12916","sameAs":"https:\/\/equmeniakyrkan.se\/boden\/"},"show_map":true,"show_map_link":true,"global_id":"equmeniakyrkan.se\/boden?id=65","global_id_lineage":["equmeniakyrkan.se\/boden?id=65"]},"organizer":[{"id":748,"author":"160","status":"publish","date":"2021-01-14 16:13:56","date_utc":"2021-01-14 15:13:56","modified":"2021-01-14 16:13:56","modified_utc":"2021-01-14 15:13:56","url":"https:\/\/equmeniakyrkan.se\/boden\/arrangor\/johanneskyrkan-boden\/","organizer":"Johanneskyrkan Boden","slug":"johanneskyrkan-boden","phone":"0921-12916","json_ld":{"@type":"Person","name":"Johanneskyrkan Boden","description":"","url":"","telephone":"0921-12916","email":"","sameAs":""},"global_id":"equmeniakyrkan.se\/boden?id=748","global_id_lineage":["equmeniakyrkan.se\/boden?id=748"]}],"custom_fields":[],"json_ld":{"@context":"http:\/\/schema.org","@type":"Event","name":"P\u00e5skdagsgudstj\u00e4nst kl. 11:00, 17 april 2022","description":"&lt;p&gt;Varmt v\u00e4lkommen att fira p\u00e5skdagen gl\u00e4dje och gudstj\u00e4nst i Johanneskyrkan, p\u00e5 s\u00f6ndag kl. 11:00. Musik: Elena fr\u00e5n Ukraina. Predikan: \u00c5sa Marie Brandin. Festligt fika efter gudstj\u00e4nsten. Alla \u00e4r v\u00e4lkomna.\u00a0 \u0422\u0435\u043f\u043b\u043e [&hellip;]&lt;\/p&gt;\\n","image":"https:\/\/equmeniakyrkan.se\/boden\/wp-content\/uploads\/sites\/42\/2022\/01\/skarmavbild-2022-04-13-kl-131505.png","url":"https:\/\/equmeniakyrkan.se\/boden\/kalender\/sondagsgudstjanst-kl-1100-2022-03-20-2022-04-03-2022-04-17\/","eventAttendanceMode":"https:\/\/schema.org\/OfflineEventAttendanceMode","eventStatus":"https:\/\/schema.org\/EventScheduled","startDate":"2022-04-17T11:00:00+02:00","endDate":"2022-04-17T13:00:00+02:00","location":{"@type":"Place","name":"Johanneskyrkan Boden Equmeniakyrkan","description":"","url":"https:\/\/equmeniakyrkan.se\/boden\/plats\/johanneskyrkan\/","address":{"@type":"PostalAddress","streetAddress":"Drottninggatan","addressLocality":"Boden","postalCode":"96177","addressCountry":"Sverige"},"telephone":"0921-12916","sameAs":"https:\/\/equmeniakyrkan.se\/boden\/"},"organizer":{"@type":"Person","name":"Johanneskyrkan Boden","description":"","url":"","telephone":"0921-12916","email":"","sameAs":""},"performer":"Organization"},"is_virtual":false,"virtual_url":null,"virtual_video_source":""}