{"id":1594,"global_id":"equmeniakyrkan.se\/boden?id=1594","global_id_lineage":["equmeniakyrkan.se\/boden?id=1594"],"author":"160","status":"publish","date":"2022-08-23 09:39:45","date_utc":"2022-08-23 07:39:45","modified":"2022-08-23 09:39:45","modified_utc":"2022-08-23 07:39:45","url":"https:\/\/equmeniakyrkan.se\/boden\/kalender\/motesplats-svea-mat-prat-gemenskap-1600-1830-2\/","rest_url":"https:\/\/equmeniakyrkan.se\/boden\/wp-json\/tribe\/events\/v1\/events\/1594","title":"M\u00f6tesplats SVEA \u2013 mat, prat &#038; gemenskap 16:00-18:30","description":"<h1 class=\"_04xlpA direction-ltr align-center para-style-body\"><span class=\"JsGRdQ\"><strong>M\u00f6tesplats SVEA i Johanneskyrkan \u2013 kyrkan p\u00e5 Sveaf\u00e4ltet. 16 oktober kl. 16:00<\/strong><br \/>\n<\/span><\/h1>\n<p class=\"_04xlpA direction-ltr align-center para-style-body\"><span class=\"JsGRdQ\">V\u00e4lkommen till h\u00f6stens andra M\u00f6tesplats Svea!\u00a0<\/span><span class=\"JsGRdQ\">Vi \u00e4ter mat ihop, sjunger &amp; umg\u00e5s och avslutar med en enkel andakt.\u00a0<\/span><span class=\"JsGRdQ\">Alla \u00e4r v\u00e4lkomna och det kostar inget. Anm\u00e4l<\/span> <span class=\"JsGRdQ\">anm\u00e4ler dig till: 0709-166204<\/span><\/p>\n<p class=\"_04xlpA direction-ltr align-center para-style-body\">V\u00e4lkommen!<\/p>\n<div class=\"tribe-events tribe-common\">\n<div class=\"tribe-events-c-subscribe-dropdown__container\">\n<div class=\"tribe-events-c-subscribe-dropdown\">\n<div class=\"tribe-common-c-btn-border tribe-events-c-subscribe-dropdown__button\" tabindex=\"0\"><\/div>\n<\/div>\n<\/div>\n<\/div>","excerpt":"","slug":"motesplats-svea-mat-prat-gemenskap-1600-1830-2","image":{"url":"https:\/\/equmeniakyrkan.se\/boden\/wp-content\/uploads\/sites\/42\/2022\/08\/kopia-av-a3-motesplats-svea-297-420-mm.png","id":1595,"extension":"png","width":1414,"height":2000,"filesize":334263,"sizes":{"medium":{"width":452,"height":640,"mime-type":"image\/png","filesize":129401,"url":"https:\/\/equmeniakyrkan.se\/boden\/wp-content\/uploads\/sites\/42\/2022\/08\/kopia-av-a3-motesplats-svea-297-420-mm-452x640.png"},"large":{"width":1061,"height":1500,"mime-type":"image\/png","filesize":354023,"url":"https:\/\/equmeniakyrkan.se\/boden\/wp-content\/uploads\/sites\/42\/2022\/08\/kopia-av-a3-motesplats-svea-297-420-mm-1061x1500.png"},"thumbnail":{"width":300,"height":300,"mime-type":"image\/png","filesize":57470,"url":"https:\/\/equmeniakyrkan.se\/boden\/wp-content\/uploads\/sites\/42\/2022\/08\/kopia-av-a3-motesplats-svea-297-420-mm-300x300.png"},"medium_large":{"width":768,"height":1086,"mime-type":"image\/png","filesize":243363,"url":"https:\/\/equmeniakyrkan.se\/boden\/wp-content\/uploads\/sites\/42\/2022\/08\/kopia-av-a3-motesplats-svea-297-420-mm-768x1086.png"},"1536x1536":{"width":1086,"height":1536,"mime-type":"image\/png","filesize":360573,"url":"https:\/\/equmeniakyrkan.se\/boden\/wp-content\/uploads\/sites\/42\/2022\/08\/kopia-av-a3-motesplats-svea-297-420-mm-1086x1536.png"}}},"all_day":false,"start_date":"2022-10-16 16:00:00","start_date_details":{"year":"2022","month":"10","day":"16","hour":"16","minutes":"00","seconds":"00"},"end_date":"2022-10-16 18:30:00","end_date_details":{"year":"2022","month":"10","day":"16","hour":"18","minutes":"30","seconds":"00"},"utc_start_date":"2022-10-16 14:00:00","utc_start_date_details":{"year":"2022","month":"10","day":"16","hour":"14","minutes":"00","seconds":"00"},"utc_end_date":"2022-10-16 16:30:00","utc_end_date_details":{"year":"2022","month":"10","day":"16","hour":"16","minutes":"30","seconds":"00"},"timezone":"Europe\/Stockholm","timezone_abbr":"CEST","cost":"","cost_details":{"currency_symbol":"","currency_code":"","currency_position":"prefix","values":[]},"website":"","show_map":true,"show_map_link":true,"hide_from_listings":false,"sticky":false,"featured":false,"categories":[{"name":"Gudstj\u00e4nst","slug":"gudstjanst","term_group":0,"term_taxonomy_id":39,"taxonomy":"tribe_events_cat","description":"","parent":0,"count":54,"filter":"raw","id":39,"urls":{"self":"https:\/\/equmeniakyrkan.se\/boden\/wp-json\/tribe\/events\/v1\/categories\/39","collection":"https:\/\/equmeniakyrkan.se\/boden\/wp-json\/tribe\/events\/v1\/categories"}},{"name":"Kv\u00e4llsgudstj\u00e4nst","slug":"kvallsgudstjanst","term_group":0,"term_taxonomy_id":88,"taxonomy":"tribe_events_cat","description":"","parent":0,"count":21,"filter":"raw","id":88,"urls":{"self":"https:\/\/equmeniakyrkan.se\/boden\/wp-json\/tribe\/events\/v1\/categories\/88","collection":"https:\/\/equmeniakyrkan.se\/boden\/wp-json\/tribe\/events\/v1\/categories"}}],"tags":[{"name":"andakt","slug":"andakt","term_group":0,"term_taxonomy_id":36,"taxonomy":"post_tag","description":"","parent":0,"count":21,"filter":"raw","id":36,"urls":{"self":"https:\/\/equmeniakyrkan.se\/boden\/wp-json\/tribe\/events\/v1\/tags\/36","collection":"https:\/\/equmeniakyrkan.se\/boden\/wp-json\/tribe\/events\/v1\/tags"}},{"name":"b\u00f6n","slug":"bon","term_group":0,"term_taxonomy_id":35,"taxonomy":"post_tag","description":"","parent":0,"count":30,"filter":"raw","id":35,"urls":{"self":"https:\/\/equmeniakyrkan.se\/boden\/wp-json\/tribe\/events\/v1\/tags\/35","collection":"https:\/\/equmeniakyrkan.se\/boden\/wp-json\/tribe\/events\/v1\/tags"}},{"name":"f\u00f6rsamling","slug":"forsamling","term_group":0,"term_taxonomy_id":28,"taxonomy":"post_tag","description":"","parent":0,"count":66,"filter":"raw","id":28,"urls":{"self":"https:\/\/equmeniakyrkan.se\/boden\/wp-json\/tribe\/events\/v1\/tags\/28","collection":"https:\/\/equmeniakyrkan.se\/boden\/wp-json\/tribe\/events\/v1\/tags"}},{"name":"gemenskap","slug":"gemenskap","term_group":0,"term_taxonomy_id":7,"taxonomy":"post_tag","description":"","parent":0,"count":67,"filter":"raw","id":7,"urls":{"self":"https:\/\/equmeniakyrkan.se\/boden\/wp-json\/tribe\/events\/v1\/tags\/7","collection":"https:\/\/equmeniakyrkan.se\/boden\/wp-json\/tribe\/events\/v1\/tags"}},{"name":"gudstj\u00e4nst","slug":"gudstjanst","term_group":0,"term_taxonomy_id":8,"taxonomy":"post_tag","description":"","parent":0,"count":40,"filter":"raw","id":8,"urls":{"self":"https:\/\/equmeniakyrkan.se\/boden\/wp-json\/tribe\/events\/v1\/tags\/8","collection":"https:\/\/equmeniakyrkan.se\/boden\/wp-json\/tribe\/events\/v1\/tags"}},{"name":"s\u00f6ndag","slug":"sondag","term_group":0,"term_taxonomy_id":9,"taxonomy":"post_tag","description":"","parent":0,"count":15,"filter":"raw","id":9,"urls":{"self":"https:\/\/equmeniakyrkan.se\/boden\/wp-json\/tribe\/events\/v1\/tags\/9","collection":"https:\/\/equmeniakyrkan.se\/boden\/wp-json\/tribe\/events\/v1\/tags"}},{"name":"tillsammans","slug":"tillsammans","term_group":0,"term_taxonomy_id":38,"taxonomy":"post_tag","description":"","parent":0,"count":28,"filter":"raw","id":38,"urls":{"self":"https:\/\/equmeniakyrkan.se\/boden\/wp-json\/tribe\/events\/v1\/tags\/38","collection":"https:\/\/equmeniakyrkan.se\/boden\/wp-json\/tribe\/events\/v1\/tags"}}],"venue":{"id":65,"author":"160","status":"publish","date":"2020-12-12 20:24:29","date_utc":"2020-12-12 19:24:29","modified":"2020-12-12 20:25:06","modified_utc":"2020-12-12 19:25:06","url":"https:\/\/equmeniakyrkan.se\/boden\/plats\/johanneskyrkan\/","venue":"Johanneskyrkan Boden Equmeniakyrkan","slug":"johanneskyrkan","address":"Drottninggatan","city":"Boden","country":"Sverige","zip":"96177","phone":"0921-12916","website":"https:\/\/equmeniakyrkan.se\/boden\/","json_ld":{"@type":"Place","name":"Johanneskyrkan Boden Equmeniakyrkan","description":"","url":"https:\/\/equmeniakyrkan.se\/boden\/plats\/johanneskyrkan\/","address":{"@type":"PostalAddress","streetAddress":"Drottninggatan","addressLocality":"Boden","postalCode":"96177","addressCountry":"Sverige"},"telephone":"0921-12916","sameAs":"https:\/\/equmeniakyrkan.se\/boden\/"},"show_map":true,"show_map_link":true,"global_id":"equmeniakyrkan.se\/boden?id=65","global_id_lineage":["equmeniakyrkan.se\/boden?id=65"]},"organizer":[{"id":748,"author":"160","status":"publish","date":"2021-01-14 16:13:56","date_utc":"2021-01-14 15:13:56","modified":"2021-01-14 16:13:56","modified_utc":"2021-01-14 15:13:56","url":"https:\/\/equmeniakyrkan.se\/boden\/arrangor\/johanneskyrkan-boden\/","organizer":"Johanneskyrkan Boden","slug":"johanneskyrkan-boden","phone":"0921-12916","json_ld":{"@type":"Person","name":"Johanneskyrkan Boden","description":"","url":"","telephone":"0921-12916","email":"","sameAs":""},"global_id":"equmeniakyrkan.se\/boden?id=748","global_id_lineage":["equmeniakyrkan.se\/boden?id=748"]}],"custom_fields":[],"json_ld":{"@context":"http:\/\/schema.org","@type":"Event","name":"M\u00f6tesplats SVEA \u2013 mat, prat &#038; gemenskap 16:00-18:30","description":"&lt;p&gt;M\u00f6tesplats SVEA i Johanneskyrkan \u2013 kyrkan p\u00e5 Sveaf\u00e4ltet. 16 oktober kl. 16:00 V\u00e4lkommen till h\u00f6stens andra M\u00f6tesplats Svea!\u00a0Vi \u00e4ter mat ihop, sjunger &amp; umg\u00e5s och avslutar med en enkel andakt.\u00a0Alla [&hellip;]&lt;\/p&gt;\\n","image":"https:\/\/equmeniakyrkan.se\/boden\/wp-content\/uploads\/sites\/42\/2022\/08\/kopia-av-a3-motesplats-svea-297-420-mm.png","url":"https:\/\/equmeniakyrkan.se\/boden\/kalender\/motesplats-svea-mat-prat-gemenskap-1600-1830-2\/","eventAttendanceMode":"https:\/\/schema.org\/OfflineEventAttendanceMode","eventStatus":"https:\/\/schema.org\/EventScheduled","startDate":"2022-10-16T16:00:00+02:00","endDate":"2022-10-16T18:30:00+02:00","location":{"@type":"Place","name":"Johanneskyrkan Boden Equmeniakyrkan","description":"","url":"https:\/\/equmeniakyrkan.se\/boden\/plats\/johanneskyrkan\/","address":{"@type":"PostalAddress","streetAddress":"Drottninggatan","addressLocality":"Boden","postalCode":"96177","addressCountry":"Sverige"},"telephone":"0921-12916","sameAs":"https:\/\/equmeniakyrkan.se\/boden\/"},"organizer":{"@type":"Person","name":"Johanneskyrkan Boden","description":"","url":"","telephone":"0921-12916","email":"","sameAs":""},"performer":"Organization"},"is_virtual":false,"virtual_url":null,"virtual_video_source":""}