{"id":1849,"global_id":"equmeniakyrkan.se\/boden?id=1849","global_id_lineage":["equmeniakyrkan.se\/boden?id=1849"],"author":"160","status":"publish","date":"2024-01-10 10:33:10","date_utc":"2024-01-10 09:33:10","modified":"2024-01-10 10:33:10","modified_utc":"2024-01-10 09:33:10","url":"https:\/\/equmeniakyrkan.se\/boden\/kalender\/gudstjanst-i-johanneskyrkan-kl-1100\/","rest_url":"https:\/\/equmeniakyrkan.se\/boden\/wp-json\/tribe\/events\/v1\/events\/1849","title":"Gudstj\u00e4nst i Johanneskyrkan kl. 11:00","description":"<p>Varmt v\u00e4lkommen att fira gudstj\u00e4nst i Johanneskyrkan p\u00e5 s\u00f6ndag kl. 11:00. Temat \u00e4r Livets k\u00e4lla. Kyrkkaffe efter gudstj\u00e4nsten.<\/p>\n<p>Varmt v\u00e4lkommen!<\/p>\n<p><a href=\"https:\/\/equmeniakyrkan.se\/boden\/wp-content\/uploads\/sites\/42\/2024\/01\/skarmavbild-2024-01-10-kl-102927.png\"><img decoding=\"async\" class=\"alignnone size-medium wp-image-1850\" src=\"https:\/\/equmeniakyrkan.se\/boden\/wp-content\/uploads\/sites\/42\/2024\/01\/skarmavbild-2024-01-10-kl-102927-640x428.png\" alt=\"\" width=\"640\" height=\"428\" srcset=\"https:\/\/equmeniakyrkan.se\/boden\/wp-content\/uploads\/sites\/42\/2024\/01\/skarmavbild-2024-01-10-kl-102927-640x428.png 640w, https:\/\/equmeniakyrkan.se\/boden\/wp-content\/uploads\/sites\/42\/2024\/01\/skarmavbild-2024-01-10-kl-102927-768x514.png 768w, https:\/\/equmeniakyrkan.se\/boden\/wp-content\/uploads\/sites\/42\/2024\/01\/skarmavbild-2024-01-10-kl-102927.png 1190w\" sizes=\"(max-width: 640px) 100vw, 640px\" \/><\/a><\/p>","excerpt":"","slug":"gudstjanst-i-johanneskyrkan-kl-1100","image":false,"all_day":false,"start_date":"2024-01-14 11:00:00","start_date_details":{"year":"2024","month":"01","day":"14","hour":"11","minutes":"00","seconds":"00"},"end_date":"2024-01-14 13:00:00","end_date_details":{"year":"2024","month":"01","day":"14","hour":"13","minutes":"00","seconds":"00"},"utc_start_date":"2024-01-14 10:00:00","utc_start_date_details":{"year":"2024","month":"01","day":"14","hour":"10","minutes":"00","seconds":"00"},"utc_end_date":"2024-01-14 12:00:00","utc_end_date_details":{"year":"2024","month":"01","day":"14","hour":"12","minutes":"00","seconds":"00"},"timezone":"Europe\/Stockholm","timezone_abbr":"CET","cost":"","cost_details":{"currency_symbol":"","currency_code":"","currency_position":"prefix","values":[]},"website":"","show_map":true,"show_map_link":true,"hide_from_listings":false,"sticky":false,"featured":false,"categories":[{"name":"Gudstj\u00e4nst","slug":"gudstjanst","term_group":0,"term_taxonomy_id":39,"taxonomy":"tribe_events_cat","description":"","parent":0,"count":54,"filter":"raw","id":39,"urls":{"self":"https:\/\/equmeniakyrkan.se\/boden\/wp-json\/tribe\/events\/v1\/categories\/39","collection":"https:\/\/equmeniakyrkan.se\/boden\/wp-json\/tribe\/events\/v1\/categories"}}],"tags":[{"name":"bibel","slug":"bibel","term_group":0,"term_taxonomy_id":81,"taxonomy":"post_tag","description":"","parent":0,"count":18,"filter":"raw","id":81,"urls":{"self":"https:\/\/equmeniakyrkan.se\/boden\/wp-json\/tribe\/events\/v1\/tags\/81","collection":"https:\/\/equmeniakyrkan.se\/boden\/wp-json\/tribe\/events\/v1\/tags"}},{"name":"b\u00f6n","slug":"bon","term_group":0,"term_taxonomy_id":35,"taxonomy":"post_tag","description":"","parent":0,"count":30,"filter":"raw","id":35,"urls":{"self":"https:\/\/equmeniakyrkan.se\/boden\/wp-json\/tribe\/events\/v1\/tags\/35","collection":"https:\/\/equmeniakyrkan.se\/boden\/wp-json\/tribe\/events\/v1\/tags"}},{"name":"equmeniakyrkan","slug":"equmeniakyrkan","term_group":0,"term_taxonomy_id":29,"taxonomy":"post_tag","description":"","parent":0,"count":49,"filter":"raw","id":29,"urls":{"self":"https:\/\/equmeniakyrkan.se\/boden\/wp-json\/tribe\/events\/v1\/tags\/29","collection":"https:\/\/equmeniakyrkan.se\/boden\/wp-json\/tribe\/events\/v1\/tags"}},{"name":"f\u00f6rsamling","slug":"forsamling","term_group":0,"term_taxonomy_id":28,"taxonomy":"post_tag","description":"","parent":0,"count":66,"filter":"raw","id":28,"urls":{"self":"https:\/\/equmeniakyrkan.se\/boden\/wp-json\/tribe\/events\/v1\/tags\/28","collection":"https:\/\/equmeniakyrkan.se\/boden\/wp-json\/tribe\/events\/v1\/tags"}},{"name":"gemenskap","slug":"gemenskap","term_group":0,"term_taxonomy_id":7,"taxonomy":"post_tag","description":"","parent":0,"count":67,"filter":"raw","id":7,"urls":{"self":"https:\/\/equmeniakyrkan.se\/boden\/wp-json\/tribe\/events\/v1\/tags\/7","collection":"https:\/\/equmeniakyrkan.se\/boden\/wp-json\/tribe\/events\/v1\/tags"}},{"name":"Gud","slug":"gud","term_group":0,"term_taxonomy_id":13,"taxonomy":"post_tag","description":"","parent":0,"count":35,"filter":"raw","id":13,"urls":{"self":"https:\/\/equmeniakyrkan.se\/boden\/wp-json\/tribe\/events\/v1\/tags\/13","collection":"https:\/\/equmeniakyrkan.se\/boden\/wp-json\/tribe\/events\/v1\/tags"}},{"name":"gudstj\u00e4nst","slug":"gudstjanst","term_group":0,"term_taxonomy_id":8,"taxonomy":"post_tag","description":"","parent":0,"count":40,"filter":"raw","id":8,"urls":{"self":"https:\/\/equmeniakyrkan.se\/boden\/wp-json\/tribe\/events\/v1\/tags\/8","collection":"https:\/\/equmeniakyrkan.se\/boden\/wp-json\/tribe\/events\/v1\/tags"}},{"name":"Jesus","slug":"jesus","term_group":0,"term_taxonomy_id":14,"taxonomy":"post_tag","description":"","parent":0,"count":38,"filter":"raw","id":14,"urls":{"self":"https:\/\/equmeniakyrkan.se\/boden\/wp-json\/tribe\/events\/v1\/tags\/14","collection":"https:\/\/equmeniakyrkan.se\/boden\/wp-json\/tribe\/events\/v1\/tags"}},{"name":"kyrka","slug":"kyrka","term_group":0,"term_taxonomy_id":50,"taxonomy":"post_tag","description":"","parent":0,"count":40,"filter":"raw","id":50,"urls":{"self":"https:\/\/equmeniakyrkan.se\/boden\/wp-json\/tribe\/events\/v1\/tags\/50","collection":"https:\/\/equmeniakyrkan.se\/boden\/wp-json\/tribe\/events\/v1\/tags"}},{"name":"stillhet","slug":"stillhet","term_group":0,"term_taxonomy_id":65,"taxonomy":"post_tag","description":"","parent":0,"count":3,"filter":"raw","id":65,"urls":{"self":"https:\/\/equmeniakyrkan.se\/boden\/wp-json\/tribe\/events\/v1\/tags\/65","collection":"https:\/\/equmeniakyrkan.se\/boden\/wp-json\/tribe\/events\/v1\/tags"}},{"name":"s\u00e5ng","slug":"sang","term_group":0,"term_taxonomy_id":12,"taxonomy":"post_tag","description":"","parent":0,"count":9,"filter":"raw","id":12,"urls":{"self":"https:\/\/equmeniakyrkan.se\/boden\/wp-json\/tribe\/events\/v1\/tags\/12","collection":"https:\/\/equmeniakyrkan.se\/boden\/wp-json\/tribe\/events\/v1\/tags"}},{"name":"s\u00f6ndag","slug":"sondag","term_group":0,"term_taxonomy_id":9,"taxonomy":"post_tag","description":"","parent":0,"count":15,"filter":"raw","id":9,"urls":{"self":"https:\/\/equmeniakyrkan.se\/boden\/wp-json\/tribe\/events\/v1\/tags\/9","collection":"https:\/\/equmeniakyrkan.se\/boden\/wp-json\/tribe\/events\/v1\/tags"}},{"name":"tillsammans","slug":"tillsammans","term_group":0,"term_taxonomy_id":38,"taxonomy":"post_tag","description":"","parent":0,"count":28,"filter":"raw","id":38,"urls":{"self":"https:\/\/equmeniakyrkan.se\/boden\/wp-json\/tribe\/events\/v1\/tags\/38","collection":"https:\/\/equmeniakyrkan.se\/boden\/wp-json\/tribe\/events\/v1\/tags"}},{"name":"tro","slug":"tro","term_group":0,"term_taxonomy_id":80,"taxonomy":"post_tag","description":"","parent":0,"count":18,"filter":"raw","id":80,"urls":{"self":"https:\/\/equmeniakyrkan.se\/boden\/wp-json\/tribe\/events\/v1\/tags\/80","collection":"https:\/\/equmeniakyrkan.se\/boden\/wp-json\/tribe\/events\/v1\/tags"}},{"name":"trossamfund","slug":"trossamfund","term_group":0,"term_taxonomy_id":84,"taxonomy":"post_tag","description":"","parent":0,"count":13,"filter":"raw","id":84,"urls":{"self":"https:\/\/equmeniakyrkan.se\/boden\/wp-json\/tribe\/events\/v1\/tags\/84","collection":"https:\/\/equmeniakyrkan.se\/boden\/wp-json\/tribe\/events\/v1\/tags"}}],"venue":{"id":65,"author":"160","status":"publish","date":"2020-12-12 20:24:29","date_utc":"2020-12-12 19:24:29","modified":"2020-12-12 20:25:06","modified_utc":"2020-12-12 19:25:06","url":"https:\/\/equmeniakyrkan.se\/boden\/plats\/johanneskyrkan\/","venue":"Johanneskyrkan Boden Equmeniakyrkan","slug":"johanneskyrkan","address":"Drottninggatan","city":"Boden","country":"Sverige","zip":"96177","phone":"0921-12916","website":"https:\/\/equmeniakyrkan.se\/boden\/","json_ld":{"@type":"Place","name":"Johanneskyrkan Boden Equmeniakyrkan","description":"","url":"https:\/\/equmeniakyrkan.se\/boden\/plats\/johanneskyrkan\/","address":{"@type":"PostalAddress","streetAddress":"Drottninggatan","addressLocality":"Boden","postalCode":"96177","addressCountry":"Sverige"},"telephone":"0921-12916","sameAs":"https:\/\/equmeniakyrkan.se\/boden\/"},"show_map":true,"show_map_link":true,"global_id":"equmeniakyrkan.se\/boden?id=65","global_id_lineage":["equmeniakyrkan.se\/boden?id=65"]},"organizer":[{"id":748,"author":"160","status":"publish","date":"2021-01-14 16:13:56","date_utc":"2021-01-14 15:13:56","modified":"2021-01-14 16:13:56","modified_utc":"2021-01-14 15:13:56","url":"https:\/\/equmeniakyrkan.se\/boden\/arrangor\/johanneskyrkan-boden\/","organizer":"Johanneskyrkan Boden","slug":"johanneskyrkan-boden","phone":"0921-12916","json_ld":{"@type":"Person","name":"Johanneskyrkan Boden","description":"","url":"","telephone":"0921-12916","email":"","sameAs":""},"global_id":"equmeniakyrkan.se\/boden?id=748","global_id_lineage":["equmeniakyrkan.se\/boden?id=748"]}],"custom_fields":[],"json_ld":{"@context":"http:\/\/schema.org","@type":"Event","name":"Gudstj\u00e4nst i Johanneskyrkan kl. 11:00","description":"&lt;p&gt;Varmt v\u00e4lkommen att fira gudstj\u00e4nst i Johanneskyrkan p\u00e5 s\u00f6ndag kl. 11:00. Temat \u00e4r Livets k\u00e4lla. Kyrkkaffe efter gudstj\u00e4nsten. Varmt v\u00e4lkommen!&lt;\/p&gt;\\n","url":"https:\/\/equmeniakyrkan.se\/boden\/kalender\/gudstjanst-i-johanneskyrkan-kl-1100\/","eventAttendanceMode":"https:\/\/schema.org\/OfflineEventAttendanceMode","eventStatus":"https:\/\/schema.org\/EventScheduled","startDate":"2024-01-14T11:00:00+01:00","endDate":"2024-01-14T13:00:00+01:00","location":{"@type":"Place","name":"Johanneskyrkan Boden Equmeniakyrkan","description":"","url":"https:\/\/equmeniakyrkan.se\/boden\/plats\/johanneskyrkan\/","address":{"@type":"PostalAddress","streetAddress":"Drottninggatan","addressLocality":"Boden","postalCode":"96177","addressCountry":"Sverige"},"telephone":"0921-12916","sameAs":"https:\/\/equmeniakyrkan.se\/boden\/"},"organizer":{"@type":"Person","name":"Johanneskyrkan Boden","description":"","url":"","telephone":"0921-12916","email":"","sameAs":""},"performer":"Organization"},"is_virtual":false,"virtual_url":null,"virtual_video_source":""}