{"id":723,"global_id":"equmeniakyrkan.se\/boden?id=723","global_id_lineage":["equmeniakyrkan.se\/boden?id=723"],"author":"160","status":"publish","date":"2020-12-11 15:31:13","date_utc":"2020-12-11 14:31:13","modified":"2020-12-11 15:31:13","modified_utc":"2020-12-11 14:31:13","url":"https:\/\/equmeniakyrkan.se\/boden\/kalender\/fjarde-advent-oppet-hus\/","rest_url":"https:\/\/equmeniakyrkan.se\/boden\/wp-json\/tribe\/events\/v1\/events\/723","title":"Fj\u00e4rde advent + \u00f6ppet hus!","description":"<p>S\u00f6ndagen den 20 december kl 16:00-18:00 \u00e4r du v\u00e4lkommen p\u00e5 \u00d6ppet Hus och utomhusgemenskap med gl\u00f6gg, julmust, pepparkakor och lite annat gott!<\/p>\n<p>Nu har v\u00e5r hyresg\u00e4st Hela M\u00e4nniskan Ria flyttat in och vi st\u00e5r mitt uppe i r\u00f6righet, kartonger och renovering. \u00c4n \u00e5terst\u00e5r det en del, men kom och kika hur det g\u00e5r, ta en liten rundtur inne i kyrkan, under Corona-s\u00e4kra former. Sitt ner en stund i kyrksalen, t\u00e4nd ett ljus.<\/p>\n<p>Varmt v\u00e4lkommen och dela en stund med oss den fj\u00e4rde advent!<\/p>\n<p><a href=\"https:\/\/equmeniakyrkan.se\/boden\/wp-content\/uploads\/sites\/42\/2020\/10\/Christmas.jpg\"><img decoding=\"async\" class=\"alignnone size-full wp-image-279\" src=\"https:\/\/equmeniakyrkan.se\/boden\/wp-content\/uploads\/sites\/42\/2020\/10\/Christmas.jpg\" alt=\"\" width=\"400\" height=\"266\" \/><\/a><\/p>","excerpt":"","slug":"fjarde-advent-oppet-hus","image":false,"all_day":false,"start_date":"2020-12-20 16:00:00","start_date_details":{"year":"2020","month":"12","day":"20","hour":"16","minutes":"00","seconds":"00"},"end_date":"2020-12-20 18:00:00","end_date_details":{"year":"2020","month":"12","day":"20","hour":"18","minutes":"00","seconds":"00"},"utc_start_date":"2020-12-20 15:00:00","utc_start_date_details":{"year":"2020","month":"12","day":"20","hour":"15","minutes":"00","seconds":"00"},"utc_end_date":"2020-12-20 17:00:00","utc_end_date_details":{"year":"2020","month":"12","day":"20","hour":"17","minutes":"00","seconds":"00"},"timezone":"Europe\/Stockholm","timezone_abbr":"CET","cost":"","cost_details":{"currency_symbol":"","currency_code":"","currency_position":"prefix","values":[]},"website":"","show_map":true,"show_map_link":true,"hide_from_listings":false,"sticky":false,"featured":false,"categories":[],"tags":[{"name":"advent","slug":"advent","term_group":0,"term_taxonomy_id":18,"taxonomy":"post_tag","description":"","parent":0,"count":1,"filter":"raw","id":18,"urls":{"self":"https:\/\/equmeniakyrkan.se\/boden\/wp-json\/tribe\/events\/v1\/tags\/18","collection":"https:\/\/equmeniakyrkan.se\/boden\/wp-json\/tribe\/events\/v1\/tags"}},{"name":"gemenskap","slug":"gemenskap","term_group":0,"term_taxonomy_id":7,"taxonomy":"post_tag","description":"","parent":0,"count":67,"filter":"raw","id":7,"urls":{"self":"https:\/\/equmeniakyrkan.se\/boden\/wp-json\/tribe\/events\/v1\/tags\/7","collection":"https:\/\/equmeniakyrkan.se\/boden\/wp-json\/tribe\/events\/v1\/tags"}},{"name":"Gud","slug":"gud","term_group":0,"term_taxonomy_id":13,"taxonomy":"post_tag","description":"","parent":0,"count":35,"filter":"raw","id":13,"urls":{"self":"https:\/\/equmeniakyrkan.se\/boden\/wp-json\/tribe\/events\/v1\/tags\/13","collection":"https:\/\/equmeniakyrkan.se\/boden\/wp-json\/tribe\/events\/v1\/tags"}},{"name":"s\u00f6ndag","slug":"sondag","term_group":0,"term_taxonomy_id":9,"taxonomy":"post_tag","description":"","parent":0,"count":15,"filter":"raw","id":9,"urls":{"self":"https:\/\/equmeniakyrkan.se\/boden\/wp-json\/tribe\/events\/v1\/tags\/9","collection":"https:\/\/equmeniakyrkan.se\/boden\/wp-json\/tribe\/events\/v1\/tags"}}],"venue":{"id":65,"author":"160","status":"publish","date":"2020-12-12 20:24:29","date_utc":"2020-12-12 19:24:29","modified":"2020-12-12 20:25:06","modified_utc":"2020-12-12 19:25:06","url":"https:\/\/equmeniakyrkan.se\/boden\/plats\/johanneskyrkan\/","venue":"Johanneskyrkan Boden Equmeniakyrkan","slug":"johanneskyrkan","address":"Drottninggatan","city":"Boden","country":"Sverige","zip":"96177","phone":"0921-12916","website":"https:\/\/equmeniakyrkan.se\/boden\/","json_ld":{"@type":"Place","name":"Johanneskyrkan Boden Equmeniakyrkan","description":"","url":"https:\/\/equmeniakyrkan.se\/boden\/plats\/johanneskyrkan\/","address":{"@type":"PostalAddress","streetAddress":"Drottninggatan","addressLocality":"Boden","postalCode":"96177","addressCountry":"Sverige"},"telephone":"0921-12916","sameAs":"https:\/\/equmeniakyrkan.se\/boden\/"},"show_map":true,"show_map_link":true,"global_id":"equmeniakyrkan.se\/boden?id=65","global_id_lineage":["equmeniakyrkan.se\/boden?id=65"]},"organizer":[],"custom_fields":[],"json_ld":{"@context":"http:\/\/schema.org","@type":"Event","name":"Fj\u00e4rde advent + \u00f6ppet hus!","description":"&lt;p&gt;S\u00f6ndagen den 20 december kl 16:00-18:00 \u00e4r du v\u00e4lkommen p\u00e5 \u00d6ppet Hus och utomhusgemenskap med gl\u00f6gg, julmust, pepparkakor och lite annat gott! Nu har v\u00e5r hyresg\u00e4st Hela M\u00e4nniskan Ria flyttat [&hellip;]&lt;\/p&gt;\\n","url":"https:\/\/equmeniakyrkan.se\/boden\/kalender\/fjarde-advent-oppet-hus\/","eventAttendanceMode":"https:\/\/schema.org\/OfflineEventAttendanceMode","eventStatus":"https:\/\/schema.org\/EventScheduled","startDate":"2020-12-20T16:00:00+01:00","endDate":"2020-12-20T18:00:00+01:00","location":{"@type":"Place","name":"Johanneskyrkan Boden Equmeniakyrkan","description":"","url":"https:\/\/equmeniakyrkan.se\/boden\/plats\/johanneskyrkan\/","address":{"@type":"PostalAddress","streetAddress":"Drottninggatan","addressLocality":"Boden","postalCode":"96177","addressCountry":"Sverige"},"telephone":"0921-12916","sameAs":"https:\/\/equmeniakyrkan.se\/boden\/"},"performer":"Organization"},"is_virtual":false,"virtual_url":null,"virtual_video_source":""}