{"id":10000058,"global_id":"equmeniakyrkan.se\/brunflo?id=10000058","global_id_lineage":["equmeniakyrkan.se\/brunflo?id=10000058"],"author":"912","status":"publish","date":"2024-05-12 19:40:43","date_utc":"2024-05-12 17:40:43","modified":"2024-05-12 20:20:46","modified_utc":"2024-05-12 18:20:46","url":"https:\/\/equmeniakyrkan.se\/brunflo\/kalender\/trasmote-vi-river-lakan-till-forband\/2024-05-14\/","rest_url":"https:\/\/equmeniakyrkan.se\/brunflo\/wp-json\/tribe\/events\/v1\/events\/10000058","title":"Trasm\u00f6te Vi river lakan till F\u00f6rband","description":"<p>Vill du vara med och riva lakan som rullas till f\u00f6rband ? F\u00f6rbanden packas och skickas till beh\u00f6vande i Kongo.<\/p>\n<p>Fika, gemenskap och goda samtal. S\u00e5ng.<\/p>\n<p>Ing\u00e5ng baksidan \/k\u00e4llaring\u00e5ngen.<\/p>\n<p>Mera info finns p\u00e5<\/p>\n<p>https:\/\/equmeniakyrkan.se\/vart-arbete\/internationellt\/engagera-dig-internationellt\/sjukvardsmateriel\/<\/p>\n<p>V\u00e4lkommen!<\/p>\n<p>&nbsp;<\/p>","excerpt":"","slug":"trasmote-vi-river-lakan-till-forband","image":{"url":"https:\/\/equmeniakyrkan.se\/brunflo\/wp-content\/uploads\/sites\/271\/2024\/05\/rutit-tyg.jpg","id":223,"extension":"jpg","width":792,"height":792,"filesize":203490,"sizes":{"medium":{"width":640,"height":640,"mime-type":"image\/jpeg","filesize":126233,"url":"https:\/\/equmeniakyrkan.se\/brunflo\/wp-content\/uploads\/sites\/271\/2024\/05\/rutit-tyg-640x640.jpg"},"thumbnail":{"width":300,"height":300,"mime-type":"image\/jpeg","filesize":21523,"url":"https:\/\/equmeniakyrkan.se\/brunflo\/wp-content\/uploads\/sites\/271\/2024\/05\/rutit-tyg-300x300.jpg"},"medium_large":{"width":768,"height":768,"mime-type":"image\/jpeg","filesize":177635,"url":"https:\/\/equmeniakyrkan.se\/brunflo\/wp-content\/uploads\/sites\/271\/2024\/05\/rutit-tyg-768x768.jpg"}}},"all_day":false,"start_date":"2024-05-14 13:00:00","start_date_details":{"year":"2024","month":"05","day":"14","hour":"13","minutes":"00","seconds":"00"},"end_date":"2024-05-14 15:00:00","end_date_details":{"year":"2024","month":"05","day":"14","hour":"15","minutes":"00","seconds":"00"},"utc_start_date":"2024-05-14 11:00:00","utc_start_date_details":{"year":"2024","month":"05","day":"14","hour":"11","minutes":"00","seconds":"00"},"utc_end_date":"2024-05-14 13:00:00","utc_end_date_details":{"year":"2024","month":"05","day":"14","hour":"13","minutes":"00","seconds":"00"},"timezone":"Europe\/Stockholm","timezone_abbr":"CEST","cost":"","cost_details":{"currency_symbol":"","currency_code":"","currency_position":"suffix","values":[]},"website":"","show_map":true,"show_map_link":true,"hide_from_listings":false,"sticky":false,"featured":false,"categories":[],"tags":[],"venue":[],"organizer":[],"custom_fields":[],"json_ld":{"@context":"http:\/\/schema.org","@type":"Event","name":"Trasm\u00f6te Vi river lakan till F\u00f6rband","description":"&lt;p&gt;Vill du vara med och riva lakan som rullas till f\u00f6rband ? F\u00f6rbanden packas och skickas till beh\u00f6vande i Kongo. Fika, gemenskap och goda samtal. S\u00e5ng. Ing\u00e5ng baksidan \/k\u00e4llaring\u00e5ngen. Mera [&hellip;]&lt;\/p&gt;\\n","image":"https:\/\/equmeniakyrkan.se\/brunflo\/wp-content\/uploads\/sites\/271\/2024\/05\/rutit-tyg.jpg","url":"https:\/\/equmeniakyrkan.se\/brunflo\/kalender\/trasmote-vi-river-lakan-till-forband\/2024-05-14\/","eventAttendanceMode":"https:\/\/schema.org\/OfflineEventAttendanceMode","eventStatus":"https:\/\/schema.org\/EventScheduled","startDate":"2024-05-14T13:00:00+02:00","endDate":"2024-05-14T15:00:00+02:00","performer":"Organization"},"is_virtual":false,"virtual_url":null,"virtual_video_source":""}