{"id":10000193,"global_id":"equmeniakyrkan.se\/brunflo?id=10000193","global_id_lineage":["equmeniakyrkan.se\/brunflo?id=10000193"],"author":"912","status":"publish","date":"2025-09-06 17:01:01","date_utc":"2025-09-06 15:01:01","modified":"2025-09-06 17:01:01","modified_utc":"2025-09-06 15:01:01","url":"https:\/\/equmeniakyrkan.se\/brunflo\/kalender\/stadfix-gemenskap-och-lite-fika\/2025-09-29\/","rest_url":"https:\/\/equmeniakyrkan.se\/brunflo\/wp-json\/tribe\/events\/v1\/events\/10000193","title":"St\u00e4d,fix, gemenskap och lite fika","description":"<p>Vill du hj\u00e4lpa till att st\u00e4da eller fixa n\u00e5got i kyrkan s\u00e5 \u00e4r du varmt v\u00e4lkommen.<\/p>","excerpt":"","slug":"stadfix-gemenskap-och-lite-fika","image":{"url":"https:\/\/equmeniakyrkan.se\/brunflo\/wp-content\/uploads\/sites\/271\/2025\/09\/work-play-brush-clean-close-toy-1330400-pxhere-scaled.jpg","id":374,"extension":"jpg","width":2560,"height":1707,"filesize":144221,"sizes":{"medium":{"width":640,"height":427,"mime-type":"image\/jpeg","filesize":18323,"url":"https:\/\/equmeniakyrkan.se\/brunflo\/wp-content\/uploads\/sites\/271\/2025\/09\/work-play-brush-clean-close-toy-1330400-pxhere-640x427.jpg"},"large":{"width":1500,"height":1000,"mime-type":"image\/jpeg","filesize":61280,"url":"https:\/\/equmeniakyrkan.se\/brunflo\/wp-content\/uploads\/sites\/271\/2025\/09\/work-play-brush-clean-close-toy-1330400-pxhere-1500x1000.jpg"},"thumbnail":{"width":300,"height":300,"mime-type":"image\/jpeg","filesize":10238,"url":"https:\/\/equmeniakyrkan.se\/brunflo\/wp-content\/uploads\/sites\/271\/2025\/09\/work-play-brush-clean-close-toy-1330400-pxhere-300x300.jpg"},"medium_large":{"width":768,"height":512,"mime-type":"image\/jpeg","filesize":23419,"url":"https:\/\/equmeniakyrkan.se\/brunflo\/wp-content\/uploads\/sites\/271\/2025\/09\/work-play-brush-clean-close-toy-1330400-pxhere-768x512.jpg"},"1536x1536":{"width":1536,"height":1024,"mime-type":"image\/jpeg","filesize":63411,"url":"https:\/\/equmeniakyrkan.se\/brunflo\/wp-content\/uploads\/sites\/271\/2025\/09\/work-play-brush-clean-close-toy-1330400-pxhere-1536x1024.jpg"},"2048x2048":{"width":2048,"height":1365,"mime-type":"image\/jpeg","filesize":99553,"url":"https:\/\/equmeniakyrkan.se\/brunflo\/wp-content\/uploads\/sites\/271\/2025\/09\/work-play-brush-clean-close-toy-1330400-pxhere-2048x1365.jpg"},"xlarge":{"width":2048,"height":1365,"mime-type":"image\/jpeg","filesize":99630,"url":"https:\/\/equmeniakyrkan.se\/brunflo\/wp-content\/uploads\/sites\/271\/2025\/09\/work-play-brush-clean-close-toy-1330400-pxhere-2048x1365.jpg"}},"original_image":"work-play-brush-clean-close-toy-1330400-pxhere.jpg"},"all_day":false,"start_date":"2025-09-29 15:00:00","start_date_details":{"year":"2025","month":"09","day":"29","hour":"15","minutes":"00","seconds":"00"},"end_date":"2025-09-29 16:00:00","end_date_details":{"year":"2025","month":"09","day":"29","hour":"16","minutes":"00","seconds":"00"},"utc_start_date":"2025-09-29 13:00:00","utc_start_date_details":{"year":"2025","month":"09","day":"29","hour":"13","minutes":"00","seconds":"00"},"utc_end_date":"2025-09-29 14:00:00","utc_end_date_details":{"year":"2025","month":"09","day":"29","hour":"14","minutes":"00","seconds":"00"},"timezone":"Europe\/Stockholm","timezone_abbr":"CEST","cost":"","cost_details":{"currency_symbol":"kr","currency_code":"USD","currency_position":"suffix","values":[]},"website":"","show_map":true,"show_map_link":true,"hide_from_listings":false,"sticky":false,"featured":false,"categories":[{"name":"Dagtr\u00e4ff","slug":"dagtraff","term_group":0,"term_taxonomy_id":12,"taxonomy":"tribe_events_cat","description":"","parent":0,"count":3,"filter":"raw","id":12,"urls":{"self":"https:\/\/equmeniakyrkan.se\/brunflo\/wp-json\/tribe\/events\/v1\/categories\/12","collection":"https:\/\/equmeniakyrkan.se\/brunflo\/wp-json\/tribe\/events\/v1\/categories"}}],"tags":[],"venue":[],"organizer":[],"custom_fields":[],"json_ld":{"@context":"http:\/\/schema.org","@type":"Event","name":"St\u00e4d,fix, gemenskap och lite fika","description":"&lt;p&gt;Vill du hj\u00e4lpa till att st\u00e4da eller fixa n\u00e5got i kyrkan s\u00e5 \u00e4r du varmt v\u00e4lkommen.&lt;\/p&gt;\\n","image":"https:\/\/equmeniakyrkan.se\/brunflo\/wp-content\/uploads\/sites\/271\/2025\/09\/work-play-brush-clean-close-toy-1330400-pxhere-scaled.jpg","url":"https:\/\/equmeniakyrkan.se\/brunflo\/kalender\/stadfix-gemenskap-och-lite-fika\/2025-09-29\/","eventAttendanceMode":"https:\/\/schema.org\/OfflineEventAttendanceMode","eventStatus":"https:\/\/schema.org\/EventScheduled","startDate":"2025-09-29T15:00:00+02:00","endDate":"2025-09-29T16:00:00+02:00","performer":"Organization"},"is_virtual":false,"virtual_url":null,"virtual_video_source":""}