{"id":10000241,"global_id":"equmeniakyrkan.se\/brunflo?id=10000241","global_id_lineage":["equmeniakyrkan.se\/brunflo?id=10000241"],"author":"912","status":"publish","date":"2026-01-16 23:37:34","date_utc":"2026-01-16 22:37:34","modified":"2026-01-17 10:26:50","modified_utc":"2026-01-17 09:26:50","url":"https:\/\/equmeniakyrkan.se\/brunflo\/kalender\/samtal-om-tro-3\/2026-05-03\/","rest_url":"https:\/\/equmeniakyrkan.se\/brunflo\/wp-json\/tribe\/events\/v1\/events\/10000241","title":"Samtal om tro","description":"<p>\u00d6ppen gemenskap med enkelt fika.<\/p>\n<p>Vill du tr\u00e4ffas och prata med andra om tro eller bara lyssna<\/p>\n<p>&#8211; Varmt v\u00e4lkommen!<\/p>\n<p>Arr. sker i samarbete med Studief\u00f6rbundet bilda<\/p>","excerpt":"","slug":"samtal-om-tro-3","image":{"url":"https:\/\/equmeniakyrkan.se\/brunflo\/wp-content\/uploads\/sites\/271\/2026\/01\/samtal-om-tro-vt26-pdf.jpg","id":428,"extension":"pdf"},"all_day":false,"start_date":"2026-05-03 18:30:00","start_date_details":{"year":"2026","month":"05","day":"03","hour":"18","minutes":"30","seconds":"00"},"end_date":"2026-05-03 20:00:00","end_date_details":{"year":"2026","month":"05","day":"03","hour":"20","minutes":"00","seconds":"00"},"utc_start_date":"2026-05-03 16:30:00","utc_start_date_details":{"year":"2026","month":"05","day":"03","hour":"16","minutes":"30","seconds":"00"},"utc_end_date":"2026-05-03 18:00:00","utc_end_date_details":{"year":"2026","month":"05","day":"03","hour":"18","minutes":"00","seconds":"00"},"timezone":"Europe\/Stockholm","timezone_abbr":"CEST","cost":"","cost_details":{"currency_symbol":"kr","currency_code":"USD","currency_position":"suffix","values":[]},"website":"","show_map":true,"show_map_link":true,"hide_from_listings":false,"sticky":false,"featured":false,"categories":[],"tags":[],"venue":{"id":70,"author":"852","status":"publish","date":"2023-04-15 09:42:36","date_utc":"2023-04-15 07:42:36","modified":"2023-04-15 09:42:36","modified_utc":"2023-04-15 07:42:36","url":"https:\/\/equmeniakyrkan.se\/brunflo\/plats\/equmeniakyrkan-brunflo\/","venue":"Equmeniakyrkan Brunflo","slug":"equmeniakyrkan-brunflo","address":"B\u00e4ckv\u00e4gen 4","city":"Brunflo","zip":"83433","json_ld":{"@type":"Place","name":"Equmeniakyrkan Brunflo","description":"","url":"https:\/\/equmeniakyrkan.se\/brunflo\/plats\/equmeniakyrkan-brunflo\/","address":{"@type":"PostalAddress","streetAddress":"B\u00e4ckv\u00e4gen 4","addressLocality":"Brunflo","postalCode":"83433"},"telephone":"","sameAs":""},"show_map":true,"show_map_link":true,"global_id":"equmeniakyrkan.se\/brunflo?id=70","global_id_lineage":["equmeniakyrkan.se\/brunflo?id=70"]},"organizer":[],"custom_fields":[],"json_ld":{"@context":"http:\/\/schema.org","@type":"Event","name":"Samtal om tro","description":"&lt;p&gt;\u00d6ppen gemenskap med enkelt fika. Vill du tr\u00e4ffas och prata med andra om tro eller bara lyssna - Varmt v\u00e4lkommen! Arr. sker i samarbete med Studief\u00f6rbundet bilda&lt;\/p&gt;\\n","image":"https:\/\/equmeniakyrkan.se\/brunflo\/wp-content\/uploads\/sites\/271\/2026\/01\/samtal-om-tro-vt26.pdf","url":"https:\/\/equmeniakyrkan.se\/brunflo\/kalender\/samtal-om-tro-3\/2026-05-03\/","eventAttendanceMode":"https:\/\/schema.org\/OfflineEventAttendanceMode","eventStatus":"https:\/\/schema.org\/EventScheduled","startDate":"2026-05-03T18:30:00+02:00","endDate":"2026-05-03T20:00:00+02:00","location":{"@type":"Place","name":"Equmeniakyrkan Brunflo","description":"","url":"https:\/\/equmeniakyrkan.se\/brunflo\/plats\/equmeniakyrkan-brunflo\/","address":{"@type":"PostalAddress","streetAddress":"B\u00e4ckv\u00e4gen 4","addressLocality":"Brunflo","postalCode":"83433"},"telephone":"","sameAs":""},"performer":"Organization"},"is_virtual":false,"virtual_url":null,"virtual_video_source":""}