{"id":10000265,"global_id":"equmeniakyrkan.se\/brunflo?id=10000265","global_id_lineage":["equmeniakyrkan.se\/brunflo?id=10000265"],"author":"912","status":"publish","date":"2026-01-17 00:11:45","date_utc":"2026-01-16 23:11:45","modified":"2026-03-13 11:24:09","modified_utc":"2026-03-13 10:24:09","url":"https:\/\/equmeniakyrkan.se\/brunflo\/kalender\/trasmote-4\/2026-04-14\/","rest_url":"https:\/\/equmeniakyrkan.se\/brunflo\/wp-json\/tribe\/events\/v1\/events\/10000265","title":"Trasm\u00f6te","description":"<p>Vill du vara med i en gemenskap d\u00e4r du ocks\u00e5 konkret f\u00e5r vara med och f\u00f6rb\u00e4ttra v\u00e4rlden.<\/p>\n<p>Vi river lakan som blir sjukv\u00e5rdsf\u00f6rband som sedan skickas till beh\u00f6vande i Kongo.<\/p>\n<p>Ja tyv\u00e4rr \u00e4r detta behov fortfarande stort i Kongo.<\/p>\n<p>Fika. Frivillig g\u00e5va \u00e4ven till transportkostnad av f\u00f6rbanden.<\/p>\n<p>Varmt v\u00e4lkommen<\/p>\n<p>Kontaktperson:\u00a0 Aino Blomqvist 0725602037<\/p>","excerpt":"","slug":"trasmote-4","image":{"url":"https:\/\/equmeniakyrkan.se\/brunflo\/wp-content\/uploads\/sites\/271\/2025\/02\/sjukvard.jpg","id":300,"extension":"jpg","width":772,"height":768,"filesize":36619,"sizes":{"medium":{"width":640,"height":637,"mime-type":"image\/jpeg","filesize":46496,"url":"https:\/\/equmeniakyrkan.se\/brunflo\/wp-content\/uploads\/sites\/271\/2025\/02\/sjukvard-640x637.jpg"},"thumbnail":{"width":300,"height":300,"mime-type":"image\/jpeg","filesize":15292,"url":"https:\/\/equmeniakyrkan.se\/brunflo\/wp-content\/uploads\/sites\/271\/2025\/02\/sjukvard-300x300.jpg"},"medium_large":{"width":768,"height":764,"mime-type":"image\/jpeg","filesize":60882,"url":"https:\/\/equmeniakyrkan.se\/brunflo\/wp-content\/uploads\/sites\/271\/2025\/02\/sjukvard-768x764.jpg"}}},"all_day":false,"start_date":"2026-04-14 13:00:00","start_date_details":{"year":"2026","month":"04","day":"14","hour":"13","minutes":"00","seconds":"00"},"end_date":"2026-04-14 15:00:00","end_date_details":{"year":"2026","month":"04","day":"14","hour":"15","minutes":"00","seconds":"00"},"utc_start_date":"2026-04-14 11:00:00","utc_start_date_details":{"year":"2026","month":"04","day":"14","hour":"11","minutes":"00","seconds":"00"},"utc_end_date":"2026-04-14 13:00:00","utc_end_date_details":{"year":"2026","month":"04","day":"14","hour":"13","minutes":"00","seconds":"00"},"timezone":"Europe\/Stockholm","timezone_abbr":"CET","cost":"","cost_details":{"currency_symbol":"kr","currency_code":"USD","currency_position":"suffix","values":[]},"website":"","show_map":true,"show_map_link":true,"hide_from_listings":false,"sticky":false,"featured":false,"categories":[{"name":"Dagtr\u00e4ff","slug":"dagtraff","term_group":0,"term_taxonomy_id":12,"taxonomy":"tribe_events_cat","description":"","parent":0,"count":3,"filter":"raw","id":12,"urls":{"self":"https:\/\/equmeniakyrkan.se\/brunflo\/wp-json\/tribe\/events\/v1\/categories\/12","collection":"https:\/\/equmeniakyrkan.se\/brunflo\/wp-json\/tribe\/events\/v1\/categories"}}],"tags":[],"venue":{"id":70,"author":"852","status":"publish","date":"2023-04-15 09:42:36","date_utc":"2023-04-15 07:42:36","modified":"2023-04-15 09:42:36","modified_utc":"2023-04-15 07:42:36","url":"https:\/\/equmeniakyrkan.se\/brunflo\/plats\/equmeniakyrkan-brunflo\/","venue":"Equmeniakyrkan Brunflo","slug":"equmeniakyrkan-brunflo","address":"B\u00e4ckv\u00e4gen 4","city":"Brunflo","zip":"83433","json_ld":{"@type":"Place","name":"Equmeniakyrkan Brunflo","description":"","url":"https:\/\/equmeniakyrkan.se\/brunflo\/plats\/equmeniakyrkan-brunflo\/","address":{"@type":"PostalAddress","streetAddress":"B\u00e4ckv\u00e4gen 4","addressLocality":"Brunflo","postalCode":"83433"},"telephone":"","sameAs":""},"show_map":true,"show_map_link":true,"global_id":"equmeniakyrkan.se\/brunflo?id=70","global_id_lineage":["equmeniakyrkan.se\/brunflo?id=70"]},"organizer":[],"custom_fields":[],"json_ld":{"@context":"http:\/\/schema.org","@type":"Event","name":"Trasm\u00f6te","description":"&lt;p&gt;Vill du vara med i en gemenskap d\u00e4r du ocks\u00e5 konkret f\u00e5r vara med och f\u00f6rb\u00e4ttra v\u00e4rlden. Vi river lakan som blir sjukv\u00e5rdsf\u00f6rband som sedan skickas till beh\u00f6vande i Kongo. [&hellip;]&lt;\/p&gt;\\n","image":"https:\/\/equmeniakyrkan.se\/brunflo\/wp-content\/uploads\/sites\/271\/2025\/02\/sjukvard.jpg","url":"https:\/\/equmeniakyrkan.se\/brunflo\/kalender\/trasmote-4\/2026-04-14\/","eventAttendanceMode":"https:\/\/schema.org\/OfflineEventAttendanceMode","eventStatus":"https:\/\/schema.org\/EventScheduled","startDate":"2026-04-14T13:00:00+02:00","endDate":"2026-04-14T15:00:00+02:00","location":{"@type":"Place","name":"Equmeniakyrkan Brunflo","description":"","url":"https:\/\/equmeniakyrkan.se\/brunflo\/plats\/equmeniakyrkan-brunflo\/","address":{"@type":"PostalAddress","streetAddress":"B\u00e4ckv\u00e4gen 4","addressLocality":"Brunflo","postalCode":"83433"},"telephone":"","sameAs":""},"performer":"Organization"},"is_virtual":false,"virtual_url":null,"virtual_video_source":""}