{"id":158,"global_id":"equmeniakyrkan.se\/brunflo?id=158","global_id_lineage":["equmeniakyrkan.se\/brunflo?id=158"],"author":"912","status":"publish","date":"2023-12-18 22:53:33","date_utc":"2023-12-18 21:53:33","modified":"2023-12-18 22:53:33","modified_utc":"2023-12-18 21:53:33","url":"https:\/\/equmeniakyrkan.se\/brunflo\/kalender\/tisdag-26-dec-annandags-gudstjanst\/","rest_url":"https:\/\/equmeniakyrkan.se\/brunflo\/wp-json\/tribe\/events\/v1\/events\/158","title":"Tisdag 26 dec Annandags gudstj\u00e4nst","description":"<p>Gudstj\u00e4nst och insamling till mission i andra l\u00e4nder.<\/p>\n<p>Vi f\u00e5r ocks\u00e5 ta del av ber\u00e4ttelser om hur evangeliet sprids i olika l\u00e4nder.<\/p>\n<p>Barn och vuxna &#8211; alla \u00e4r v\u00e4lkomna!<\/p>\n<p>Servering<\/p>","excerpt":"","slug":"tisdag-26-dec-annandags-gudstjanst","image":{"url":"https:\/\/equmeniakyrkan.se\/brunflo\/wp-content\/uploads\/sites\/271\/2020\/02\/hander-pepp-foto-perry-grone-scaled.jpg","id":25,"extension":"jpg","width":2560,"height":1707,"filesize":532037,"sizes":{"medium":{"width":640,"height":427,"mime-type":"image\/jpeg","filesize":44383,"url":"https:\/\/equmeniakyrkan.se\/brunflo\/wp-content\/uploads\/sites\/271\/2020\/02\/hander-pepp-foto-perry-grone-640x427.jpg"},"large":{"width":1500,"height":1000,"mime-type":"image\/jpeg","filesize":185951,"url":"https:\/\/equmeniakyrkan.se\/brunflo\/wp-content\/uploads\/sites\/271\/2020\/02\/hander-pepp-foto-perry-grone-1500x1000.jpg"},"thumbnail":{"width":300,"height":300,"mime-type":"image\/jpeg","filesize":19167,"url":"https:\/\/equmeniakyrkan.se\/brunflo\/wp-content\/uploads\/sites\/271\/2020\/02\/hander-pepp-foto-perry-grone-300x300.jpg"},"medium_large":{"width":768,"height":512,"mime-type":"image\/jpeg","filesize":59284,"url":"https:\/\/equmeniakyrkan.se\/brunflo\/wp-content\/uploads\/sites\/271\/2020\/02\/hander-pepp-foto-perry-grone-768x512.jpg"},"1536x1536":{"width":1536,"height":1024,"mime-type":"image\/jpeg","filesize":194203,"url":"https:\/\/equmeniakyrkan.se\/brunflo\/wp-content\/uploads\/sites\/271\/2020\/02\/hander-pepp-foto-perry-grone-1536x1024.jpg"},"2048x2048":{"width":2048,"height":1365,"mime-type":"image\/jpeg","filesize":337552,"url":"https:\/\/equmeniakyrkan.se\/brunflo\/wp-content\/uploads\/sites\/271\/2020\/02\/hander-pepp-foto-perry-grone-2048x1365.jpg"},"xlarge":{"width":2048,"height":1365,"mime-type":"image\/jpeg","filesize":337620,"url":"https:\/\/equmeniakyrkan.se\/brunflo\/wp-content\/uploads\/sites\/271\/2020\/02\/hander-pepp-foto-perry-grone-2048x1365.jpg"}},"original_image":"hander-pepp-foto-perry-grone.jpg"},"all_day":false,"start_date":"2023-12-26 11:00:00","start_date_details":{"year":"2023","month":"12","day":"26","hour":"11","minutes":"00","seconds":"00"},"end_date":"2023-12-26 12:30:00","end_date_details":{"year":"2023","month":"12","day":"26","hour":"12","minutes":"30","seconds":"00"},"utc_start_date":"2023-12-26 10:00:00","utc_start_date_details":{"year":"2023","month":"12","day":"26","hour":"10","minutes":"00","seconds":"00"},"utc_end_date":"2023-12-26 11:30:00","utc_end_date_details":{"year":"2023","month":"12","day":"26","hour":"11","minutes":"30","seconds":"00"},"timezone":"Europe\/Stockholm","timezone_abbr":"CET","cost":"","cost_details":{"currency_symbol":"","currency_code":"","currency_position":"suffix","values":[]},"website":"","show_map":true,"show_map_link":true,"hide_from_listings":false,"sticky":false,"featured":false,"categories":[{"name":"Gudstj\u00e4nst","slug":"gudstjanst","term_group":0,"term_taxonomy_id":8,"taxonomy":"tribe_events_cat","description":"","parent":0,"count":7,"filter":"raw","id":8,"urls":{"self":"https:\/\/equmeniakyrkan.se\/brunflo\/wp-json\/tribe\/events\/v1\/categories\/8","collection":"https:\/\/equmeniakyrkan.se\/brunflo\/wp-json\/tribe\/events\/v1\/categories"}}],"tags":[],"venue":[],"organizer":[],"custom_fields":[],"json_ld":{"@context":"http:\/\/schema.org","@type":"Event","name":"Tisdag 26 dec Annandags gudstj\u00e4nst","description":"&lt;p&gt;Gudstj\u00e4nst och insamling till mission i andra l\u00e4nder. Vi f\u00e5r ocks\u00e5 ta del av ber\u00e4ttelser om hur evangeliet sprids i olika l\u00e4nder. Barn och vuxna - alla \u00e4r v\u00e4lkomna! Servering&lt;\/p&gt;\\n","image":"https:\/\/equmeniakyrkan.se\/brunflo\/wp-content\/uploads\/sites\/271\/2020\/02\/hander-pepp-foto-perry-grone-scaled.jpg","url":"https:\/\/equmeniakyrkan.se\/brunflo\/kalender\/tisdag-26-dec-annandags-gudstjanst\/","eventAttendanceMode":"https:\/\/schema.org\/OfflineEventAttendanceMode","eventStatus":"https:\/\/schema.org\/EventScheduled","startDate":"2023-12-26T11:00:00+01:00","endDate":"2023-12-26T12:30:00+01:00","performer":"Organization"},"is_virtual":false,"virtual_url":null,"virtual_video_source":""}