{"id":226,"global_id":"equmeniakyrkan.se\/brunflo?id=226","global_id_lineage":["equmeniakyrkan.se\/brunflo?id=226"],"author":"912","status":"publish","date":"2024-05-12 20:41:32","date_utc":"2024-05-12 18:41:32","modified":"2024-05-12 20:41:32","modified_utc":"2024-05-12 18:41:32","url":"https:\/\/equmeniakyrkan.se\/brunflo\/kalender\/vaxtgrupp-samtal-att-vaxa-med\/","rest_url":"https:\/\/equmeniakyrkan.se\/brunflo\/wp-json\/tribe\/events\/v1\/events\/226","title":"V\u00e4xtgrupp- Samtal att v\u00e4xa med","description":"<p>\u00c4r du intresserad och vill prova p\u00e5 att m\u00f6tas i en mindre grupp?<\/p>\n<p>V\u00e4xtgrupp en m\u00f6jlighet att v\u00e4xa i tro.<\/p>\n<p>En v\u00e4xtgrupp \u00e4r en liten gemenskap d\u00e4r du tillsammans med andra f\u00e5r ta emot och dela det stora och det s\u00e5rbara i vardagen.<\/p>\n<p>S\u00e5 v\u00e4xer du i tro, \u00f6var tillit och g\u00f6r skillnad.<\/p>","excerpt":"","slug":"vaxtgrupp-samtal-att-vaxa-med","image":{"url":"https:\/\/equmeniakyrkan.se\/brunflo\/wp-content\/uploads\/sites\/271\/2024\/05\/vaxtplanta-i-hand.jpg","id":227,"extension":"jpg","width":1062,"height":708,"filesize":58655,"sizes":{"medium":{"width":640,"height":427,"mime-type":"image\/jpeg","filesize":23889,"url":"https:\/\/equmeniakyrkan.se\/brunflo\/wp-content\/uploads\/sites\/271\/2024\/05\/vaxtplanta-i-hand-640x427.jpg"},"thumbnail":{"width":300,"height":300,"mime-type":"image\/jpeg","filesize":10194,"url":"https:\/\/equmeniakyrkan.se\/brunflo\/wp-content\/uploads\/sites\/271\/2024\/05\/vaxtplanta-i-hand-300x300.jpg"},"medium_large":{"width":768,"height":512,"mime-type":"image\/jpeg","filesize":32032,"url":"https:\/\/equmeniakyrkan.se\/brunflo\/wp-content\/uploads\/sites\/271\/2024\/05\/vaxtplanta-i-hand-768x512.jpg"}}},"all_day":false,"start_date":"2024-05-14 19:00:00","start_date_details":{"year":"2024","month":"05","day":"14","hour":"19","minutes":"00","seconds":"00"},"end_date":"2024-05-14 20:30:00","end_date_details":{"year":"2024","month":"05","day":"14","hour":"20","minutes":"30","seconds":"00"},"utc_start_date":"2024-05-14 17:00:00","utc_start_date_details":{"year":"2024","month":"05","day":"14","hour":"17","minutes":"00","seconds":"00"},"utc_end_date":"2024-05-14 18:30:00","utc_end_date_details":{"year":"2024","month":"05","day":"14","hour":"18","minutes":"30","seconds":"00"},"timezone":"Europe\/Stockholm","timezone_abbr":"CEST","cost":"","cost_details":{"currency_symbol":"","currency_code":"","currency_position":"suffix","values":[]},"website":"","show_map":true,"show_map_link":true,"hide_from_listings":false,"sticky":false,"featured":false,"categories":[],"tags":[],"venue":[],"organizer":[],"custom_fields":[],"json_ld":{"@context":"http:\/\/schema.org","@type":"Event","name":"V\u00e4xtgrupp- Samtal att v\u00e4xa med","description":"&lt;p&gt;\u00c4r du intresserad och vill prova p\u00e5 att m\u00f6tas i en mindre grupp? V\u00e4xtgrupp en m\u00f6jlighet att v\u00e4xa i tro. En v\u00e4xtgrupp \u00e4r en liten gemenskap d\u00e4r du tillsammans med [&hellip;]&lt;\/p&gt;\\n","image":"https:\/\/equmeniakyrkan.se\/brunflo\/wp-content\/uploads\/sites\/271\/2024\/05\/vaxtplanta-i-hand.jpg","url":"https:\/\/equmeniakyrkan.se\/brunflo\/kalender\/vaxtgrupp-samtal-att-vaxa-med\/","eventAttendanceMode":"https:\/\/schema.org\/OfflineEventAttendanceMode","eventStatus":"https:\/\/schema.org\/EventScheduled","startDate":"2024-05-14T19:00:00+02:00","endDate":"2024-05-14T20:30:00+02:00","performer":"Organization"},"is_virtual":false,"virtual_url":null,"virtual_video_source":""}