{"id":345,"global_id":"equmeniakyrkan.se\/brunflo?id=345","global_id_lineage":["equmeniakyrkan.se\/brunflo?id=345"],"author":"912","status":"publish","date":"2025-08-30 23:31:48","date_utc":"2025-08-30 21:31:48","modified":"2025-09-06 16:01:52","modified_utc":"2025-09-06 14:01:52","url":"https:\/\/equmeniakyrkan.se\/brunflo\/kalender\/gemensam-gudstjanst-med-kyrkorna-i-brunflo\/","rest_url":"https:\/\/equmeniakyrkan.se\/brunflo\/wp-json\/tribe\/events\/v1\/events\/345","title":"Gemensam Gudstj\u00e4nst med kyrkorna i Brunflo","description":"<p>Vi firar Gudstj\u00e4nst tillsammans. OBS idag i G\u00e4rde b\u00f6nhus<\/p>","excerpt":"","slug":"gemensam-gudstjanst-med-kyrkorna-i-brunflo","image":{"url":"https:\/\/equmeniakyrkan.se\/brunflo\/wp-content\/uploads\/sites\/271\/2025\/08\/7253090157193974896.jpg","id":363,"extension":"jpg","width":744,"height":1024,"filesize":196251,"sizes":{"medium":{"width":465,"height":640,"mime-type":"image\/jpeg","filesize":47664,"url":"https:\/\/equmeniakyrkan.se\/brunflo\/wp-content\/uploads\/sites\/271\/2025\/08\/7253090157193974896-465x640.jpg"},"thumbnail":{"width":300,"height":300,"mime-type":"image\/jpeg","filesize":17808,"url":"https:\/\/equmeniakyrkan.se\/brunflo\/wp-content\/uploads\/sites\/271\/2025\/08\/7253090157193974896-300x300.jpg"}}},"all_day":false,"start_date":"2025-09-07 10:00:00","start_date_details":{"year":"2025","month":"09","day":"07","hour":"10","minutes":"00","seconds":"00"},"end_date":"2025-09-07 11:00:00","end_date_details":{"year":"2025","month":"09","day":"07","hour":"11","minutes":"00","seconds":"00"},"utc_start_date":"2025-09-07 08:00:00","utc_start_date_details":{"year":"2025","month":"09","day":"07","hour":"08","minutes":"00","seconds":"00"},"utc_end_date":"2025-09-07 09:00:00","utc_end_date_details":{"year":"2025","month":"09","day":"07","hour":"09","minutes":"00","seconds":"00"},"timezone":"Europe\/Stockholm","timezone_abbr":"CEST","cost":"","cost_details":{"currency_symbol":"kr","currency_code":"USD","currency_position":"suffix","values":[]},"website":"","show_map":true,"show_map_link":true,"hide_from_listings":false,"sticky":false,"featured":false,"categories":[],"tags":[],"venue":[],"organizer":[],"custom_fields":[],"json_ld":{"@context":"http:\/\/schema.org","@type":"Event","name":"Gemensam Gudstj\u00e4nst med kyrkorna i Brunflo","description":"&lt;p&gt;Vi firar Gudstj\u00e4nst tillsammans. OBS idag i G\u00e4rde b\u00f6nhus&lt;\/p&gt;\\n","image":"https:\/\/equmeniakyrkan.se\/brunflo\/wp-content\/uploads\/sites\/271\/2025\/08\/7253090157193974896.jpg","url":"https:\/\/equmeniakyrkan.se\/brunflo\/kalender\/gemensam-gudstjanst-med-kyrkorna-i-brunflo\/","eventAttendanceMode":"https:\/\/schema.org\/OfflineEventAttendanceMode","eventStatus":"https:\/\/schema.org\/EventScheduled","startDate":"2025-09-07T10:00:00+02:00","endDate":"2025-09-07T11:00:00+02:00","performer":"Organization"},"is_virtual":false,"virtual_url":null,"virtual_video_source":""}