{"id":365,"global_id":"equmeniakyrkan.se\/brunflo?id=365","global_id_lineage":["equmeniakyrkan.se\/brunflo?id=365"],"author":"912","status":"publish","date":"2025-09-06 16:16:05","date_utc":"2025-09-06 14:16:05","modified":"2025-09-06 16:32:40","modified_utc":"2025-09-06 14:32:40","url":"https:\/\/equmeniakyrkan.se\/brunflo\/kalender\/samtalsledarutbildning-fralsningsarmen-ostersund\/","rest_url":"https:\/\/equmeniakyrkan.se\/brunflo\/wp-json\/tribe\/events\/v1\/events\/365","title":"Samtalsledarutbildning, Fr\u00e4lsningsarmen \u00d6stersund","description":"<p><a href=\"https:\/\/www.bilda.nu\/arr\/1258843\/samtalsledarutbildning-i-ostersund-623076\">https:\/\/www.bilda.nu\/arr\/1258843\/samtalsledarutbildning-i-ostersund-623076<\/a><\/p>\n<p>Se l\u00e4nk f\u00f6r mera information och anm\u00e4lan.<\/p>","excerpt":"","slug":"samtalsledarutbildning-fralsningsarmen-ostersund","image":{"url":"https:\/\/equmeniakyrkan.se\/brunflo\/wp-content\/uploads\/sites\/271\/2025\/09\/samtalsledarutbildning-arr-omslagsbild.jpg","id":366,"extension":"jpg","width":1366,"height":986,"filesize":104020,"sizes":{"medium":{"width":640,"height":462,"mime-type":"image\/jpeg","filesize":36334,"url":"https:\/\/equmeniakyrkan.se\/brunflo\/wp-content\/uploads\/sites\/271\/2025\/09\/samtalsledarutbildning-arr-omslagsbild-640x462.jpg"},"thumbnail":{"width":300,"height":300,"mime-type":"image\/jpeg","filesize":17314,"url":"https:\/\/equmeniakyrkan.se\/brunflo\/wp-content\/uploads\/sites\/271\/2025\/09\/samtalsledarutbildning-arr-omslagsbild-300x300.jpg"},"medium_large":{"width":768,"height":554,"mime-type":"image\/jpeg","filesize":43950,"url":"https:\/\/equmeniakyrkan.se\/brunflo\/wp-content\/uploads\/sites\/271\/2025\/09\/samtalsledarutbildning-arr-omslagsbild-768x554.jpg"}}},"all_day":false,"start_date":"2025-09-09 18:00:00","start_date_details":{"year":"2025","month":"09","day":"09","hour":"18","minutes":"00","seconds":"00"},"end_date":"2025-09-09 21:00:00","end_date_details":{"year":"2025","month":"09","day":"09","hour":"21","minutes":"00","seconds":"00"},"utc_start_date":"2025-09-09 16:00:00","utc_start_date_details":{"year":"2025","month":"09","day":"09","hour":"16","minutes":"00","seconds":"00"},"utc_end_date":"2025-09-09 19:00:00","utc_end_date_details":{"year":"2025","month":"09","day":"09","hour":"19","minutes":"00","seconds":"00"},"timezone":"Europe\/Stockholm","timezone_abbr":"CEST","cost":"","cost_details":{"currency_symbol":"kr","currency_code":"USD","currency_position":"suffix","values":[]},"website":"","show_map":true,"show_map_link":true,"hide_from_listings":false,"sticky":false,"featured":false,"categories":[{"name":"Utbildning","slug":"utbildning","term_group":0,"term_taxonomy_id":13,"taxonomy":"tribe_events_cat","description":"","parent":0,"count":1,"filter":"raw","id":13,"urls":{"self":"https:\/\/equmeniakyrkan.se\/brunflo\/wp-json\/tribe\/events\/v1\/categories\/13","collection":"https:\/\/equmeniakyrkan.se\/brunflo\/wp-json\/tribe\/events\/v1\/categories"}}],"tags":[],"venue":[],"organizer":[],"custom_fields":[],"json_ld":{"@context":"http:\/\/schema.org","@type":"Event","name":"Samtalsledarutbildning, Fr\u00e4lsningsarmen \u00d6stersund","description":"&lt;p&gt;https:\/\/www.bilda.nu\/arr\/1258843\/samtalsledarutbildning-i-ostersund-623076 Se l\u00e4nk f\u00f6r mera information och anm\u00e4lan.&lt;\/p&gt;\\n","image":"https:\/\/equmeniakyrkan.se\/brunflo\/wp-content\/uploads\/sites\/271\/2025\/09\/samtalsledarutbildning-arr-omslagsbild.jpg","url":"https:\/\/equmeniakyrkan.se\/brunflo\/kalender\/samtalsledarutbildning-fralsningsarmen-ostersund\/","eventAttendanceMode":"https:\/\/schema.org\/OfflineEventAttendanceMode","eventStatus":"https:\/\/schema.org\/EventScheduled","startDate":"2025-09-09T18:00:00+02:00","endDate":"2025-09-09T21:00:00+02:00","performer":"Organization"},"is_virtual":false,"virtual_url":null,"virtual_video_source":""}