{"id":10000719,"global_id":"equmeniakyrkan.se\/forshaga?id=10000719","global_id_lineage":["equmeniakyrkan.se\/forshaga?id=10000719"],"author":"1059","status":"publish","date":"2025-09-25 11:58:20","date_utc":"2025-09-25 09:58:20","modified":"2025-09-25 11:58:20","modified_utc":"2025-09-25 09:58:20","url":"https:\/\/equmeniakyrkan.se\/forshaga\/kalender\/fundera-over-tro\/2025-11-10\/","rest_url":"https:\/\/equmeniakyrkan.se\/forshaga\/wp-json\/tribe\/events\/v1\/events\/10000719","title":"Fundera \u00f6ver tro.","description":"<p><span style=\"font-size: large;\">Vi vill bjuda in dig till n\u00e5got nytt och sp\u00e4nnande i Equmeniakyrkan. Vi kommer att samlas en kv\u00e4ll i veckan f\u00f6r att se\u00a0<i>The Chosen<\/i>, en serie som handlar om Jesus och m\u00e4nniskorna runt honom.<\/span><\/p>\n<p><span style=\"font-size: large;\">Om du inte h\u00f6rt talas om\u00a0<i>The Chosen<\/i>\u00a0tidigare: det \u00e4r en dramaserie som ber\u00e4ttar om allt som h\u00e4nde runt Jesus och l\u00e4rjungarna. Jesus i serien k\u00e4nns ovanligt l\u00e4tt att relatera till \u2013 varm, humoristisk och med en blick som verkligen ser varje m\u00e4nniska. Ocks\u00e5 l\u00e4rjungarna och andra personer skildras med sina styrkor, brister och fr\u00e5gor, vilket g\u00f6r att man k\u00e4nner igen sig sj\u00e4lv i deras liv. Det blir roligare att l\u00e4sa Bibeln n\u00e4r man ser karakt\u00e4rerna framf\u00f6r sig. Avsnitten ligger p\u00e5 n\u00e4tet och \u00e4r gratis f\u00f6r den som vill se p\u00e5\u00a0<a href=\"http:\/\/watch.thechosen.tv\/\" target=\"_blank\" rel=\"noopener\" data-saferedirecturl=\"https:\/\/www.google.com\/url?q=http:\/\/watch.thechosen.tv\/&amp;source=gmail&amp;ust=1758652494348000&amp;usg=AOvVaw2skVaLZ7uc_7N11Itdp4YA\">watch.thechosen.tv<\/a>. The Chosen har setts av 220 miljoner. Serien finns p\u00e5 Netflix ocks\u00e5. The Chosen finns \u00e4ven p\u00e5 instagram och har miljoner f\u00f6ljare. Avsnitten \u00e4r b\u00e5de roliga och r\u00f6rande, s\u00e5 vi har ofta b\u00e5de skrattat och gr\u00e5tit n\u00e4r vi sett dem. L\u00e4rjungarna h\u00e4pnar \u00f6ver det Jesus g\u00f6r men \u00e4r ocks\u00e5 ofta frustrerade n\u00e4r de tycker att han inte griper in. Det k\u00e4nns bekant.\u00a0<\/span><\/p>\n<p><span style=\"font-size: large;\">Uppl\u00e4gget p\u00e5 kv\u00e4llarna blir s\u00e5 h\u00e4r:<\/span><\/p>\n<ul>\n<li><span style=\"font-size: large;\">Vi b\u00f6rjar 18:00 med att ta oss en kopp te och sm\u00f6rg\u00e5s.<\/span><\/li>\n<li><span style=\"font-size: large;\">Medan vi \u00e4ter ser vi ett avsnitt av serien (30\u201360 min).<\/span><\/li>\n<li><span style=\"font-size: large;\">D\u00e4refter pratar vi en stund om det vi sett. Slut senast 19:30.<\/span><\/li>\n<\/ul>\n<p><span style=\"font-size: large;\">Man kan komma en g\u00e5ng eller flera \u2013 det \u00e4r helt fritt. Ingen \u201dfast grupp\u201d, utan du deltar n\u00e4r det passar. Alla \u00e5ldrar \u00e4r v\u00e4lkomna och s\u00e5 klart b\u00e5de den som ofta \u00e4r i kyrkan och den som aldrig \u00e4r det, s\u00e5 bjud g\u00e4rna med dina v\u00e4nner.<\/span><\/p>\n<p><span style=\"font-size: large;\">F\u00f6r att vi ska hitta en bra kv\u00e4ll i veckan vill vi g\u00e4rna h\u00f6ra vilka vardagskv\u00e4llar som skulle funka b\u00e4st f\u00f6r dig, om du \u00e4r intresserad av att komma ibland. Svara g\u00e4rna p\u00e5 detta mejl och ber\u00e4tta! Vi siktar p\u00e5 att b\u00f6rja under vecka 40. Vi \u00e5terkommer med veckodag n\u00e4r vi f\u00e5tt in ett antal svar, s\u00e5 h\u00f6r g\u00e4rna av dig.<\/span><\/p>\n<p><span style=\"font-size: large;\">L\u00e4nk till trailer:\u00a0<a href=\"https:\/\/watch.thechosen.tv\/video\/184683594442?language=sv\" target=\"_blank\" rel=\"noopener\" data-saferedirecturl=\"https:\/\/www.google.com\/url?q=https:\/\/watch.thechosen.tv\/video\/184683594442?language%3Dsv&amp;source=gmail&amp;ust=1758652494348000&amp;usg=AOvVaw130hm7pWwMO--9fdVtMea8\">https:\/\/watch.thechosen.tv\/<wbr \/>video\/184683594442?language=sv<\/a><\/span><\/p>\n<p><span style=\"font-size: large;\">Varmt v\u00e4lkommen att vara med!<br \/>\n<\/span><\/p>\n<p><span style=\"font-size: large;\">Ulf Eriksson, Amicka &amp; Andreas Hultsten<\/span><\/p>","excerpt":"","slug":"fundera-over-tro","image":{"url":"https:\/\/equmeniakyrkan.se\/forshaga\/wp-content\/uploads\/sites\/318\/2025\/09\/fundera-over-tro.jpg","id":596,"extension":"jpg","width":776,"height":1200,"filesize":92711,"sizes":{"medium":{"width":414,"height":640,"mime-type":"image\/jpeg","filesize":70578,"url":"https:\/\/equmeniakyrkan.se\/forshaga\/wp-content\/uploads\/sites\/318\/2025\/09\/fundera-over-tro-414x640.jpg"},"thumbnail":{"width":300,"height":300,"mime-type":"image\/jpeg","filesize":29803,"url":"https:\/\/equmeniakyrkan.se\/forshaga\/wp-content\/uploads\/sites\/318\/2025\/09\/fundera-over-tro-300x300.jpg"},"medium_large":{"width":768,"height":1188,"mime-type":"image\/jpeg","filesize":163240,"url":"https:\/\/equmeniakyrkan.se\/forshaga\/wp-content\/uploads\/sites\/318\/2025\/09\/fundera-over-tro-768x1188.jpg"}}},"all_day":false,"start_date":"2025-11-10 18:00:00","start_date_details":{"year":"2025","month":"11","day":"10","hour":"18","minutes":"00","seconds":"00"},"end_date":"2025-11-10 19:30:00","end_date_details":{"year":"2025","month":"11","day":"10","hour":"19","minutes":"30","seconds":"00"},"utc_start_date":"2025-11-10 17:00:00","utc_start_date_details":{"year":"2025","month":"11","day":"10","hour":"17","minutes":"00","seconds":"00"},"utc_end_date":"2025-11-10 18:30:00","utc_end_date_details":{"year":"2025","month":"11","day":"10","hour":"18","minutes":"30","seconds":"00"},"timezone":"Europe\/Stockholm","timezone_abbr":"CEST","cost":"","cost_details":{"currency_symbol":"kr","currency_code":"SEK","currency_position":"suffix","values":[]},"website":"","show_map":true,"show_map_link":true,"hide_from_listings":false,"sticky":false,"featured":false,"categories":[{"name":"Fundera \u00f6ver tro","slug":"fundera-over-tro","term_group":0,"term_taxonomy_id":19,"taxonomy":"tribe_events_cat","description":"","parent":0,"count":2,"filter":"raw","id":19,"urls":{"self":"https:\/\/equmeniakyrkan.se\/forshaga\/wp-json\/tribe\/events\/v1\/categories\/19","collection":"https:\/\/equmeniakyrkan.se\/forshaga\/wp-json\/tribe\/events\/v1\/categories"}}],"tags":[],"venue":{"id":84,"author":"1059","status":"publish","date":"2024-12-21 17:59:29","date_utc":"2024-12-21 16:59:29","modified":"2025-03-14 16:39:26","modified_utc":"2025-03-14 15:39:26","url":"https:\/\/equmeniakyrkan.se\/forshaga\/plats\/equmeniakyrkan-forshaga\/","venue":"Equmeniakyrkan Forshaga","slug":"equmeniakyrkan-forshaga","image":{"url":"https:\/\/equmeniakyrkan.se\/forshaga\/wp-content\/uploads\/sites\/318\/2024\/12\/kyrkan.jpg","id":111,"extension":"jpg","width":800,"height":571,"filesize":56650,"sizes":{"medium":{"width":640,"height":457,"mime-type":"image\/jpeg","filesize":73155,"url":"https:\/\/equmeniakyrkan.se\/forshaga\/wp-content\/uploads\/sites\/318\/2024\/12\/kyrkan-640x457.jpg"},"thumbnail":{"width":300,"height":300,"mime-type":"image\/jpeg","filesize":27104,"url":"https:\/\/equmeniakyrkan.se\/forshaga\/wp-content\/uploads\/sites\/318\/2024\/12\/kyrkan-300x300.jpg"},"medium_large":{"width":768,"height":548,"mime-type":"image\/jpeg","filesize":98858,"url":"https:\/\/equmeniakyrkan.se\/forshaga\/wp-content\/uploads\/sites\/318\/2024\/12\/kyrkan-768x548.jpg"}}},"address":"Storgatan 42","city":"Forshaga","country":"Sweden","zip":"66730","json_ld":{"@type":"Place","name":"Equmeniakyrkan Forshaga","description":"","image":"https:\/\/equmeniakyrkan.se\/forshaga\/wp-content\/uploads\/sites\/318\/2024\/12\/kyrkan.jpg","url":"https:\/\/equmeniakyrkan.se\/forshaga\/plats\/equmeniakyrkan-forshaga\/","address":{"@type":"PostalAddress","streetAddress":"Storgatan 42","addressLocality":"Forshaga","postalCode":"66730","addressCountry":"Sweden"},"telephone":"","sameAs":""},"show_map":false,"show_map_link":false,"global_id":"equmeniakyrkan.se\/forshaga?id=84","global_id_lineage":["equmeniakyrkan.se\/forshaga?id=84"]},"organizer":[],"custom_fields":[],"json_ld":{"@context":"http:\/\/schema.org","@type":"Event","name":"Fundera \u00f6ver tro.","description":"&lt;p&gt;Vi vill bjuda in dig till n\u00e5got nytt och sp\u00e4nnande i Equmeniakyrkan. Vi kommer att samlas en kv\u00e4ll i veckan f\u00f6r att se\u00a0The Chosen, en serie som handlar om Jesus [&hellip;]&lt;\/p&gt;\\n","image":"https:\/\/equmeniakyrkan.se\/forshaga\/wp-content\/uploads\/sites\/318\/2025\/09\/fundera-over-tro.jpg","url":"https:\/\/equmeniakyrkan.se\/forshaga\/kalender\/fundera-over-tro\/2025-11-10\/","eventAttendanceMode":"https:\/\/schema.org\/OfflineEventAttendanceMode","eventStatus":"https:\/\/schema.org\/EventScheduled","startDate":"2025-11-10T18:00:00+01:00","endDate":"2025-11-10T19:30:00+01:00","location":{"@type":"Place","name":"Equmeniakyrkan Forshaga","description":"","image":"https:\/\/equmeniakyrkan.se\/forshaga\/wp-content\/uploads\/sites\/318\/2024\/12\/kyrkan.jpg","url":"https:\/\/equmeniakyrkan.se\/forshaga\/plats\/equmeniakyrkan-forshaga\/","address":{"@type":"PostalAddress","streetAddress":"Storgatan 42","addressLocality":"Forshaga","postalCode":"66730","addressCountry":"Sweden"},"telephone":"","sameAs":""},"performer":"Organization"},"is_virtual":false,"virtual_url":null,"virtual_video_source":""}