{"id":42968,"global_id":"equmeniakyrkan.se\/fridhemskyrkan?id=42968","global_id_lineage":["equmeniakyrkan.se\/fridhemskyrkan?id=42968"],"author":"354","status":"publish","date":"2025-11-14 19:29:03","date_utc":"2025-11-14 18:29:03","modified":"2026-02-21 00:51:36","modified_utc":"2026-02-20 23:51:36","url":"https:\/\/equmeniakyrkan.se\/fridhemskyrkan\/kalender\/gudstjanst-i-andreasgarden\/","rest_url":"https:\/\/equmeniakyrkan.se\/fridhemskyrkan\/wp-json\/tribe\/events\/v1\/events\/42968","title":"Gudstj\u00e4nst i Andreasg\u00e5rden","description":"<p>Gemensam gudstj\u00e4nst i Andreasg\u00e5rden, i Finn Karins rum.<\/p>\n<p>Sven Alberius m.fl.<\/p>\n<p>Musik: Dan Tunmats \u00c5seh\u00e4ll.<br \/>\nS\u00e5ng: Andreask\u00f6ren.<\/p>\n<p>Omsorgsgrupp: Nord.<\/p>\n<p>Arr. Mora Kristna N\u00e4tverk<\/p>","excerpt":"","slug":"gudstjanst-i-andreasgarden","image":false,"all_day":false,"start_date":"2026-02-22 11:00:00","start_date_details":{"year":"2026","month":"02","day":"22","hour":"11","minutes":"00","seconds":"00"},"end_date":"2026-02-22 12:00:00","end_date_details":{"year":"2026","month":"02","day":"22","hour":"12","minutes":"00","seconds":"00"},"utc_start_date":"2026-02-22 10:00:00","utc_start_date_details":{"year":"2026","month":"02","day":"22","hour":"10","minutes":"00","seconds":"00"},"utc_end_date":"2026-02-22 11:00:00","utc_end_date_details":{"year":"2026","month":"02","day":"22","hour":"11","minutes":"00","seconds":"00"},"timezone":"Europe\/Stockholm","timezone_abbr":"CET","cost":"","cost_details":{"currency_symbol":"kr","currency_code":"USD","currency_position":"prefix","values":[]},"website":"","show_map":true,"show_map_link":true,"hide_from_listings":false,"sticky":false,"featured":false,"categories":[],"tags":[],"venue":[],"organizer":[],"custom_fields":[],"json_ld":{"@context":"http:\/\/schema.org","@type":"Event","name":"Gudstj\u00e4nst i Andreasg\u00e5rden","description":"&lt;p&gt;Gemensam gudstj\u00e4nst i Andreasg\u00e5rden, i Finn Karins rum. Sven Alberius m.fl. Musik: Dan Tunmats \u00c5seh\u00e4ll. S\u00e5ng: Andreask\u00f6ren. Omsorgsgrupp: Nord. Arr. Mora Kristna N\u00e4tverk&lt;\/p&gt;\\n","url":"https:\/\/equmeniakyrkan.se\/fridhemskyrkan\/kalender\/gudstjanst-i-andreasgarden\/","eventAttendanceMode":"https:\/\/schema.org\/OfflineEventAttendanceMode","eventStatus":"https:\/\/schema.org\/EventScheduled","startDate":"2026-02-22T11:00:00+01:00","endDate":"2026-02-22T12:00:00+01:00","performer":"Organization"},"is_virtual":false,"virtual_url":null,"virtual_video_source":""}