{"id":43161,"global_id":"equmeniakyrkan.se\/fridhemskyrkan?id=43161","global_id_lineage":["equmeniakyrkan.se\/fridhemskyrkan?id=43161"],"author":"354","status":"publish","date":"2026-02-04 20:53:42","date_utc":"2026-02-04 19:53:42","modified":"2026-02-04 21:00:58","modified_utc":"2026-02-04 20:00:58","url":"https:\/\/equmeniakyrkan.se\/fridhemskyrkan\/kalender\/vikarbygarden-ideell-forening-2\/","rest_url":"https:\/\/equmeniakyrkan.se\/fridhemskyrkan\/wp-json\/tribe\/events\/v1\/events\/43161","title":"Vikarbyg\u00e5rden ideell f\u00f6rening","description":"<p>F\u00f6reningsst\u00e4mma i Missionskyrkan i Orsa.<\/p>\n<p>F\u00f6rsamlingen kan delta med 2 ombud,<br \/>\nmen \u00e4ven adra intresserade \u00e4r v\u00e4lkomna<\/p>","excerpt":"","slug":"vikarbygarden-ideell-forening-2","image":false,"all_day":false,"start_date":"2026-03-21 14:00:00","start_date_details":{"year":"2026","month":"03","day":"21","hour":"14","minutes":"00","seconds":"00"},"end_date":"2026-03-21 17:00:00","end_date_details":{"year":"2026","month":"03","day":"21","hour":"17","minutes":"00","seconds":"00"},"utc_start_date":"2026-03-21 13:00:00","utc_start_date_details":{"year":"2026","month":"03","day":"21","hour":"13","minutes":"00","seconds":"00"},"utc_end_date":"2026-03-21 16:00:00","utc_end_date_details":{"year":"2026","month":"03","day":"21","hour":"16","minutes":"00","seconds":"00"},"timezone":"Europe\/Stockholm","timezone_abbr":"CET","cost":"","cost_details":{"currency_symbol":"kr","currency_code":"USD","currency_position":"prefix","values":[]},"website":"","show_map":true,"show_map_link":true,"hide_from_listings":false,"sticky":false,"featured":false,"categories":[],"tags":[],"venue":[],"organizer":[],"custom_fields":[],"json_ld":{"@context":"http:\/\/schema.org","@type":"Event","name":"Vikarbyg\u00e5rden ideell f\u00f6rening","description":"&lt;p&gt;F\u00f6reningsst\u00e4mma i Missionskyrkan i Orsa. F\u00f6rsamlingen kan delta med 2 ombud, men \u00e4ven adra intresserade \u00e4r v\u00e4lkomna&lt;\/p&gt;\\n","url":"https:\/\/equmeniakyrkan.se\/fridhemskyrkan\/kalender\/vikarbygarden-ideell-forening-2\/","eventAttendanceMode":"https:\/\/schema.org\/OfflineEventAttendanceMode","eventStatus":"https:\/\/schema.org\/EventScheduled","startDate":"2026-03-21T14:00:00+01:00","endDate":"2026-03-21T17:00:00+01:00","performer":"Organization"},"is_virtual":false,"virtual_url":null,"virtual_video_source":""}