{"id":10004976,"global_id":"equmeniakyrkan.se\/grafsnassollebrunn?id=10004976","global_id_lineage":["equmeniakyrkan.se\/grafsnassollebrunn?id=10004976"],"author":"315","status":"publish","date":"2024-08-28 21:45:28","date_utc":"2024-08-28 19:45:28","modified":"2024-08-28 21:45:28","modified_utc":"2024-08-28 19:45:28","url":"https:\/\/equmeniakyrkan.se\/grafsnassollebrunn\/kalender\/torsdagsfika-och-vandring-i-grafsnas\/2024-09-05\/","rest_url":"https:\/\/equmeniakyrkan.se\/grafsnassollebrunn\/wp-json\/tribe\/events\/v1\/events\/10004976","title":"Torsdagsfika och vandring i Gr\u00e4fsn\u00e4s","description":"<p>Torsdagsfika och vandring. Ta med eget fika och kom 11.00 f\u00f6r en stunds gemenskap. Vill du med p\u00e5 en vandringstur tr\u00e4ffas vi 10.00 vid kyrkan. Kontakt Ingrid Rudh, 070-621 23 59.<\/p>","excerpt":"","slug":"torsdagsfika-och-vandring-i-grafsnas","image":false,"all_day":false,"start_date":"2024-09-05 10:00:00","start_date_details":{"year":"2024","month":"09","day":"05","hour":"10","minutes":"00","seconds":"00"},"end_date":"2024-09-05 10:00:00","end_date_details":{"year":"2024","month":"09","day":"05","hour":"10","minutes":"00","seconds":"00"},"utc_start_date":"2024-09-05 08:00:00","utc_start_date_details":{"year":"2024","month":"09","day":"05","hour":"08","minutes":"00","seconds":"00"},"utc_end_date":"2024-09-05 08:00:00","utc_end_date_details":{"year":"2024","month":"09","day":"05","hour":"08","minutes":"00","seconds":"00"},"timezone":"Europe\/Stockholm","timezone_abbr":"CEST","cost":"","cost_details":{"currency_symbol":"kr","currency_code":"USD","currency_position":"prefix","values":[]},"website":"","show_map":true,"show_map_link":true,"hide_from_listings":false,"sticky":false,"featured":false,"categories":[{"name":"Vandring","slug":"vandring","term_group":0,"term_taxonomy_id":42,"taxonomy":"tribe_events_cat","description":"","parent":0,"count":29,"filter":"raw","id":42,"urls":{"self":"https:\/\/equmeniakyrkan.se\/grafsnassollebrunn\/wp-json\/tribe\/events\/v1\/categories\/42","collection":"https:\/\/equmeniakyrkan.se\/grafsnassollebrunn\/wp-json\/tribe\/events\/v1\/categories"}}],"tags":[],"venue":{"id":37531,"author":"116","status":"publish","date":"2017-12-05 20:49:39","date_utc":"2017-12-05 19:49:39","modified":"2017-12-05 20:49:39","modified_utc":"2017-12-05 19:49:39","url":"https:\/\/equmeniakyrkan.se\/grafsnassollebrunn\/plats\/grafsnaskyrkan\/","venue":"Gr\u00e4fsn\u00e4skyrkan","slug":"grafsnaskyrkan","address":"Korng\u00e4rdesv\u00e4gen 12","city":"Sollebrunn","country":"Sverige","zip":"44172","json_ld":{"@type":"Place","name":"Gr\u00e4fsn\u00e4skyrkan","description":"","url":"https:\/\/equmeniakyrkan.se\/grafsnassollebrunn\/plats\/grafsnaskyrkan\/","address":{"@type":"PostalAddress","streetAddress":"Korng\u00e4rdesv\u00e4gen 12","addressLocality":"Sollebrunn","postalCode":"44172","addressCountry":"Sverige"},"telephone":"","sameAs":""},"show_map":true,"show_map_link":true,"global_id":"equmeniakyrkan.se\/grafsnassollebrunn?id=37531","global_id_lineage":["equmeniakyrkan.se\/grafsnassollebrunn?id=37531"]},"organizer":[],"custom_fields":[],"json_ld":{"@context":"http:\/\/schema.org","@type":"Event","name":"Torsdagsfika och vandring i Gr\u00e4fsn\u00e4s","description":"&lt;p&gt;Torsdagsfika och vandring. Ta med eget fika och kom 11.00 f\u00f6r en stunds gemenskap. Vill du med p\u00e5 en vandringstur tr\u00e4ffas vi 10.00 vid kyrkan. Kontakt Ingrid Rudh, 070-621 23 [&hellip;]&lt;\/p&gt;\\n","url":"https:\/\/equmeniakyrkan.se\/grafsnassollebrunn\/kalender\/torsdagsfika-och-vandring-i-grafsnas\/2024-09-05\/","eventAttendanceMode":"https:\/\/schema.org\/OfflineEventAttendanceMode","eventStatus":"https:\/\/schema.org\/EventScheduled","startDate":"2024-09-05T10:00:00+02:00","endDate":"2024-09-05T10:00:00+02:00","location":{"@type":"Place","name":"Gr\u00e4fsn\u00e4skyrkan","description":"","url":"https:\/\/equmeniakyrkan.se\/grafsnassollebrunn\/plats\/grafsnaskyrkan\/","address":{"@type":"PostalAddress","streetAddress":"Korng\u00e4rdesv\u00e4gen 12","addressLocality":"Sollebrunn","postalCode":"44172","addressCountry":"Sverige"},"telephone":"","sameAs":""},"performer":"Organization"},"is_virtual":false,"virtual_url":null,"virtual_video_source":""}