{"id":42783,"global_id":"equmeniakyrkan.se\/hornsjo?id=42783","global_id_lineage":["equmeniakyrkan.se\/hornsjo?id=42783"],"author":"213","status":"publish","date":"2025-09-20 22:57:52","date_utc":"2025-09-20 20:57:52","modified":"2026-01-02 21:51:59","modified_utc":"2026-01-02 20:51:59","url":"https:\/\/equmeniakyrkan.se\/hornsjo\/kalender\/aret-som-gatt-i-vara-kyrkor-3\/","rest_url":"https:\/\/equmeniakyrkan.se\/hornsjo\/wp-json\/tribe\/events\/v1\/events\/42783","title":"\u00c5ret som g\u00e5tt i v\u00e5ra kyrkor","description":"<p>Vi m\u00f6ts p\u00e5 Byahuset och f\u00e5r h\u00f6ra vad som h\u00e4nt i v\u00e5ra kyrkor. Cecilia, Helen m.fl. <\/p>","excerpt":"","slug":"aret-som-gatt-i-vara-kyrkor-3","image":false,"all_day":false,"start_date":"2025-12-31 18:00:00","start_date_details":{"year":"2025","month":"12","day":"31","hour":"18","minutes":"00","seconds":"00"},"end_date":"2025-12-31 19:30:00","end_date_details":{"year":"2025","month":"12","day":"31","hour":"19","minutes":"30","seconds":"00"},"utc_start_date":"2025-12-31 17:00:00","utc_start_date_details":{"year":"2025","month":"12","day":"31","hour":"17","minutes":"00","seconds":"00"},"utc_end_date":"2025-12-31 18:30:00","utc_end_date_details":{"year":"2025","month":"12","day":"31","hour":"18","minutes":"30","seconds":"00"},"timezone":"Europe\/Stockholm","timezone_abbr":"CET","cost":"","cost_details":{"currency_symbol":"kr","currency_code":"USD","currency_position":"prefix","values":[]},"website":"","show_map":true,"show_map_link":true,"hide_from_listings":false,"sticky":false,"featured":false,"categories":[],"tags":[],"venue":[],"organizer":[],"custom_fields":[],"json_ld":{"@context":"http:\/\/schema.org","@type":"Event","name":"\u00c5ret som g\u00e5tt i v\u00e5ra kyrkor","description":"&lt;p&gt;Vi m\u00f6ts p\u00e5 Byahuset och f\u00e5r h\u00f6ra vad som h\u00e4nt i v\u00e5ra kyrkor. Cecilia, Helen m.fl.&lt;\/p&gt;\\n","url":"https:\/\/equmeniakyrkan.se\/hornsjo\/kalender\/aret-som-gatt-i-vara-kyrkor-3\/","eventAttendanceMode":"https:\/\/schema.org\/OfflineEventAttendanceMode","eventStatus":"https:\/\/schema.org\/EventScheduled","startDate":"2025-12-31T18:00:00+01:00","endDate":"2025-12-31T19:30:00+01:00","performer":"Organization"},"is_virtual":false,"virtual_url":null,"virtual_video_source":""}