{"id":4892,"global_id":"equmeniakyrkan.se\/lillaedet?id=4892","global_id_lineage":["equmeniakyrkan.se\/lillaedet?id=4892"],"author":"426","status":"publish","date":"2026-04-29 10:26:53","date_utc":"2026-04-29 08:26:53","modified":"2026-04-29 10:37:07","modified_utc":"2026-04-29 08:37:07","url":"https:\/\/equmeniakyrkan.se\/lillaedet\/kalender\/staddag-i-och-utanfor-kyrkan-3\/","rest_url":"https:\/\/equmeniakyrkan.se\/lillaedet\/wp-json\/tribe\/events\/v1\/events\/4892","title":"St\u00e4ddag i och utanf\u00f6r kyrkan","description":"<p>Ett par g\u00e5nger om \u00e5ret g\u00f6r tar vi ett nappatag och rensar och st\u00e4dar lite extra b\u00e5de inomhus och utanf\u00f6r v\u00e5ra byggnader. Vi hoppas att m\u00e5nga kommer och hj\u00e4lper till med detta. Vi b\u00f6rjar kl 10.00 och h\u00e5ller p\u00e5 s\u00e5 l\u00e4nge vi orkar p\u00e5 dagen.<br \/>\nKl 11.30 har vi m\u00f6jlighet att k\u00f6pa och \u00e4ta brunch f\u00f6r 50:- i serveringslokalen. D\u00e5 kanske vi orkar forts\u00e4tta lite till.<br \/>\nV\u00e4lkommen.<\/p>","excerpt":"","slug":"staddag-i-och-utanfor-kyrkan-3","image":false,"all_day":false,"start_date":"2026-05-02 10:00:00","start_date_details":{"year":"2026","month":"05","day":"02","hour":"10","minutes":"00","seconds":"00"},"end_date":"2026-05-02 14:00:00","end_date_details":{"year":"2026","month":"05","day":"02","hour":"14","minutes":"00","seconds":"00"},"utc_start_date":"2026-05-02 08:00:00","utc_start_date_details":{"year":"2026","month":"05","day":"02","hour":"08","minutes":"00","seconds":"00"},"utc_end_date":"2026-05-02 12:00:00","utc_end_date_details":{"year":"2026","month":"05","day":"02","hour":"12","minutes":"00","seconds":"00"},"timezone":"Europe\/Stockholm","timezone_abbr":"CEST","cost":"kr50","cost_details":{"currency_symbol":"kr","currency_code":"USD","currency_position":"prefix","values":["50"]},"website":"","show_map":true,"show_map_link":true,"hide_from_listings":false,"sticky":false,"featured":false,"categories":[],"tags":[],"venue":{"id":933,"author":"2","status":"publish","date":"2020-08-26 20:31:45","date_utc":"2020-08-26 18:31:45","modified":"2020-08-26 20:31:45","modified_utc":"2020-08-26 18:31:45","url":"https:\/\/equmeniakyrkan.se\/lillaedet\/plats\/equmeniakyrkan-lilla-edet\/","venue":"Equmeniakyrkan Lilla Edet","slug":"equmeniakyrkan-lilla-edet","address":"Skyttegatan 1, 463 30 Lilla Edet, Sverige","city":"Lilla Edet","country":"Sverige","province":"V\u00e4stra G\u00f6talands l\u00e4n","zip":"46330","json_ld":{"@type":"Place","name":"Equmeniakyrkan Lilla Edet","description":"","url":"https:\/\/equmeniakyrkan.se\/lillaedet\/plats\/equmeniakyrkan-lilla-edet\/","address":{"@type":"PostalAddress","streetAddress":"Skyttegatan 1, 463 30 Lilla Edet, Sverige","addressLocality":"Lilla Edet","addressRegion":"V\u00e4stra G\u00f6talands l\u00e4n","postalCode":"46330","addressCountry":"Sverige"},"telephone":"","sameAs":""},"show_map":false,"show_map_link":false,"global_id":"equmeniakyrkan.se\/lillaedet?id=933","global_id_lineage":["equmeniakyrkan.se\/lillaedet?id=933"]},"organizer":[{"id":969,"author":"426","status":"publish","date":"2020-09-01 18:07:28","date_utc":"2020-09-01 16:07:28","modified":"2020-09-01 18:07:28","modified_utc":"2020-09-01 16:07:28","url":"https:\/\/equmeniakyrkan.se\/lillaedet\/arrangor\/equmeniakyrkan-lilla-edet\/","organizer":"Equmeniakyrkan Lilla Edet","slug":"equmeniakyrkan-lilla-edet","phone":"076-059 55 20","website":"www.equmeniakyrkan.se\/lillaedet","email":"equmeniakyrkan.lillaedet@telia.com","json_ld":{"@type":"Person","name":"Equmeniakyrkan Lilla Edet","description":"","url":"http:\/\/www.equmeniakyrkan.se\/lillaedet","telephone":"076-059 55 20","email":"&#101;&#113;&#117;&#109;en&#105;&#97;&#107;yr&#107;a&#110;.l&#105;l&#108;ae&#100;&#101;t&#64;&#116;&#101;&#108;ia.&#99;&#111;m","sameAs":"http:\/\/www.equmeniakyrkan.se\/lillaedet"},"global_id":"equmeniakyrkan.se\/lillaedet?id=969","global_id_lineage":["equmeniakyrkan.se\/lillaedet?id=969"]}],"custom_fields":[],"json_ld":{"@context":"http:\/\/schema.org","@type":"Event","name":"St\u00e4ddag i och utanf\u00f6r kyrkan","description":"&lt;p&gt;Ett par g\u00e5nger om \u00e5ret g\u00f6r tar vi ett nappatag och rensar och st\u00e4dar lite extra b\u00e5de inomhus och utanf\u00f6r v\u00e5ra byggnader. Vi hoppas att m\u00e5nga kommer och hj\u00e4lper till [&hellip;]&lt;\/p&gt;\\n","url":"https:\/\/equmeniakyrkan.se\/lillaedet\/kalender\/staddag-i-och-utanfor-kyrkan-3\/","eventAttendanceMode":"https:\/\/schema.org\/OfflineEventAttendanceMode","eventStatus":"https:\/\/schema.org\/EventScheduled","startDate":"2026-05-02T10:00:00+02:00","endDate":"2026-05-02T14:00:00+02:00","location":{"@type":"Place","name":"Equmeniakyrkan Lilla Edet","description":"","url":"https:\/\/equmeniakyrkan.se\/lillaedet\/plats\/equmeniakyrkan-lilla-edet\/","address":{"@type":"PostalAddress","streetAddress":"Skyttegatan 1, 463 30 Lilla Edet, Sverige","addressLocality":"Lilla Edet","addressRegion":"V\u00e4stra G\u00f6talands l\u00e4n","postalCode":"46330","addressCountry":"Sverige"},"telephone":"","sameAs":""},"organizer":{"@type":"Person","name":"Equmeniakyrkan Lilla Edet","description":"","url":"http:\/\/www.equmeniakyrkan.se\/lillaedet","telephone":"076-059 55 20","email":"e&#113;&#117;m&#101;ni&#97;kyrkan.&#108;&#105;&#108;la&#101;det&#64;t&#101;&#108;i&#97;.c&#111;m","sameAs":"http:\/\/www.equmeniakyrkan.se\/lillaedet"},"offers":{"@type":"Offer","price":"50","priceCurrency":"USD","url":"https:\/\/equmeniakyrkan.se\/lillaedet\/kalender\/staddag-i-och-utanfor-kyrkan-3\/","category":"primary","availability":"inStock","validFrom":"2026-04-29T20:26:00+00:00"},"performer":"Organization"},"is_virtual":false,"virtual_url":null,"virtual_video_source":""}