{"id":10005642,"global_id":"equmeniakyrkan.se\/molkom?id=10005642","global_id_lineage":["equmeniakyrkan.se\/molkom?id=10005642"],"author":"192","status":"publish","date":"2025-11-30 17:12:20","date_utc":"2025-11-30 16:12:20","modified":"2026-03-28 15:18:02","modified_utc":"2026-03-28 14:18:02","url":"https:\/\/equmeniakyrkan.se\/molkom\/kalender\/torsdagskafe-och-oppen-kyrka-21\/2026-01-15\/","rest_url":"https:\/\/equmeniakyrkan.se\/molkom\/wp-json\/tribe\/events\/v1\/events\/10005642","title":"Torsdagskaf\u00e9 och \u00d6ppen kyrka","description":"<p>Kyrkan \u00e4r \u00f6ppen f\u00f6r alla som vill komma in och prata, fika eller ha en enskild andakt.<\/p>\n<p>P\u00e5 Torsdagskaf\u00e9t serverar vi v\u00e5fflor. Priset f\u00f6r en v\u00e5ffla med kaffe \u00e4r 40:-. Vill man ha fler v\u00e5fflor s\u00e5 kostar de 10:- st<\/p>","excerpt":"","slug":"torsdagskafe-och-oppen-kyrka-21","image":false,"all_day":false,"start_date":"2026-01-15 09:30:00","start_date_details":{"year":"2026","month":"01","day":"15","hour":"09","minutes":"30","seconds":"00"},"end_date":"2026-01-15 11:30:00","end_date_details":{"year":"2026","month":"01","day":"15","hour":"11","minutes":"30","seconds":"00"},"utc_start_date":"2026-01-15 08:30:00","utc_start_date_details":{"year":"2026","month":"01","day":"15","hour":"08","minutes":"30","seconds":"00"},"utc_end_date":"2026-01-15 10:30:00","utc_end_date_details":{"year":"2026","month":"01","day":"15","hour":"10","minutes":"30","seconds":"00"},"timezone":"Europe\/Stockholm","timezone_abbr":"CET","cost":"","cost_details":{"currency_symbol":"kr","currency_code":"USD","currency_position":"prefix","values":[]},"website":"","show_map":true,"show_map_link":true,"hide_from_listings":false,"sticky":false,"featured":false,"categories":[],"tags":[],"venue":[],"organizer":[],"custom_fields":[],"json_ld":{"@context":"http:\/\/schema.org","@type":"Event","name":"Torsdagskaf\u00e9 och \u00d6ppen kyrka","description":"&lt;p&gt;Kyrkan \u00e4r \u00f6ppen f\u00f6r alla som vill komma in och prata, fika eller ha en enskild andakt. P\u00e5 Torsdagskaf\u00e9t serverar vi v\u00e5fflor. Priset f\u00f6r en v\u00e5ffla med kaffe \u00e4r 40:-. [&hellip;]&lt;\/p&gt;\\n","url":"https:\/\/equmeniakyrkan.se\/molkom\/kalender\/torsdagskafe-och-oppen-kyrka-21\/2026-01-15\/","eventAttendanceMode":"https:\/\/schema.org\/OfflineEventAttendanceMode","eventStatus":"https:\/\/schema.org\/EventScheduled","startDate":"2026-01-15T09:30:00+01:00","endDate":"2026-01-15T11:30:00+01:00","performer":"Organization"},"is_virtual":false,"virtual_url":null,"virtual_video_source":""}