{"id":40964,"global_id":"equmeniakyrkan.se\/munktorp?id=40964","global_id_lineage":["equmeniakyrkan.se\/munktorp?id=40964"],"author":"292","status":"publish","date":"2024-08-21 11:32:41","date_utc":"2024-08-21 09:32:41","modified":"2024-08-21 11:33:00","modified_utc":"2024-08-21 09:33:00","url":"https:\/\/equmeniakyrkan.se\/munktorp\/kalender\/gudstjanst-112\/","rest_url":"https:\/\/equmeniakyrkan.se\/munktorp\/wp-json\/tribe\/events\/v1\/events\/40964","title":"Gudstj\u00e4nst","description":"<p>Sara Forslund<\/p>\n<p>S\u00e5ng Sara Forslund, Organist S\u00f6ren Oscarsson<\/p>\n<p>V\u00e4rdgrupp C<\/p>","excerpt":"","slug":"gudstjanst-112","image":{"url":"https:\/\/equmeniakyrkan.se\/munktorp\/wp-content\/uploads\/sites\/94\/2020\/04\/tempImagepSl7Fi-scaled.jpg","id":39436,"extension":"jpg","width":2560,"height":1920,"sizes":{"medium":{"width":640,"height":480,"mime-type":"image\/jpeg","url":"https:\/\/equmeniakyrkan.se\/munktorp\/wp-content\/uploads\/sites\/94\/2020\/04\/tempImagepSl7Fi-640x480.jpg"},"large":{"width":1500,"height":1125,"mime-type":"image\/jpeg","url":"https:\/\/equmeniakyrkan.se\/munktorp\/wp-content\/uploads\/sites\/94\/2020\/04\/tempImagepSl7Fi-1500x1125.jpg"},"thumbnail":{"width":300,"height":300,"mime-type":"image\/jpeg","url":"https:\/\/equmeniakyrkan.se\/munktorp\/wp-content\/uploads\/sites\/94\/2020\/04\/tempImagepSl7Fi-300x300.jpg"},"medium_large":{"width":768,"height":576,"mime-type":"image\/jpeg","url":"https:\/\/equmeniakyrkan.se\/munktorp\/wp-content\/uploads\/sites\/94\/2020\/04\/tempImagepSl7Fi-768x576.jpg"},"1536x1536":{"width":1536,"height":1152,"mime-type":"image\/jpeg","url":"https:\/\/equmeniakyrkan.se\/munktorp\/wp-content\/uploads\/sites\/94\/2020\/04\/tempImagepSl7Fi-1536x1152.jpg"},"2048x2048":{"width":2048,"height":1536,"mime-type":"image\/jpeg","url":"https:\/\/equmeniakyrkan.se\/munktorp\/wp-content\/uploads\/sites\/94\/2020\/04\/tempImagepSl7Fi-2048x1536.jpg"},"person":{"width":500,"height":500,"mime-type":"image\/jpeg","url":"https:\/\/equmeniakyrkan.se\/munktorp\/wp-content\/uploads\/sites\/94\/2020\/04\/tempImagepSl7Fi-500x500.jpg"},"xlarge":{"width":2048,"height":1536,"mime-type":"image\/jpeg","url":"https:\/\/equmeniakyrkan.se\/munktorp\/wp-content\/uploads\/sites\/94\/2020\/04\/tempImagepSl7Fi-2048x1536.jpg"}},"original_image":"tempImagepSl7Fi.jpg"},"all_day":false,"start_date":"2024-11-03 10:00:00","start_date_details":{"year":"2024","month":"11","day":"03","hour":"10","minutes":"00","seconds":"00"},"end_date":"2024-11-03 12:00:00","end_date_details":{"year":"2024","month":"11","day":"03","hour":"12","minutes":"00","seconds":"00"},"utc_start_date":"2024-11-03 09:00:00","utc_start_date_details":{"year":"2024","month":"11","day":"03","hour":"09","minutes":"00","seconds":"00"},"utc_end_date":"2024-11-03 11:00:00","utc_end_date_details":{"year":"2024","month":"11","day":"03","hour":"11","minutes":"00","seconds":"00"},"timezone":"Europe\/Stockholm","timezone_abbr":"CET","cost":"","cost_details":{"currency_symbol":"kr","currency_code":"USD","currency_position":"prefix","values":[]},"website":"","show_map":true,"show_map_link":true,"hide_from_listings":false,"sticky":false,"featured":false,"categories":[],"tags":[],"venue":[],"organizer":[],"custom_fields":[],"json_ld":{"@context":"http:\/\/schema.org","@type":"Event","name":"Gudstj\u00e4nst","description":"&lt;p&gt;Sara Forslund S\u00e5ng Sara Forslund, Organist S\u00f6ren Oscarsson V\u00e4rdgrupp C&lt;\/p&gt;\\n","image":"https:\/\/equmeniakyrkan.se\/munktorp\/wp-content\/uploads\/sites\/94\/2020\/04\/tempImagepSl7Fi-scaled.jpg","url":"https:\/\/equmeniakyrkan.se\/munktorp\/kalender\/gudstjanst-112\/","eventAttendanceMode":"https:\/\/schema.org\/OfflineEventAttendanceMode","eventStatus":"https:\/\/schema.org\/EventScheduled","startDate":"2024-11-03T10:00:00+01:00","endDate":"2024-11-03T12:00:00+01:00","performer":"Organization"},"is_virtual":false,"virtual_url":null,"virtual_video_source":""}