{"id":40966,"global_id":"equmeniakyrkan.se\/munktorp?id=40966","global_id_lineage":["equmeniakyrkan.se\/munktorp?id=40966"],"author":"292","status":"publish","date":"2024-08-21 11:34:40","date_utc":"2024-08-21 09:34:40","modified":"2024-08-21 11:34:40","modified_utc":"2024-08-21 09:34:40","url":"https:\/\/equmeniakyrkan.se\/munktorp\/kalender\/gudstjanst-113\/","rest_url":"https:\/\/equmeniakyrkan.se\/munktorp\/wp-json\/tribe\/events\/v1\/events\/40966","title":"Gudstj\u00e4nst","description":"<p>Rode Oscarsson<\/p>\n<p>S\u00e5ng Vendela och Filip Tegerstrand, Organist Karin Olsson<\/p>\n<p>V\u00e4rdgrupp D,<\/p>","excerpt":"","slug":"gudstjanst-113","image":{"url":"https:\/\/equmeniakyrkan.se\/munktorp\/wp-content\/uploads\/sites\/94\/2020\/04\/tempImagepSl7Fi-scaled.jpg","id":39436,"extension":"jpg","width":2560,"height":1920,"sizes":{"medium":{"width":640,"height":480,"mime-type":"image\/jpeg","url":"https:\/\/equmeniakyrkan.se\/munktorp\/wp-content\/uploads\/sites\/94\/2020\/04\/tempImagepSl7Fi-640x480.jpg"},"large":{"width":1500,"height":1125,"mime-type":"image\/jpeg","url":"https:\/\/equmeniakyrkan.se\/munktorp\/wp-content\/uploads\/sites\/94\/2020\/04\/tempImagepSl7Fi-1500x1125.jpg"},"thumbnail":{"width":300,"height":300,"mime-type":"image\/jpeg","url":"https:\/\/equmeniakyrkan.se\/munktorp\/wp-content\/uploads\/sites\/94\/2020\/04\/tempImagepSl7Fi-300x300.jpg"},"medium_large":{"width":768,"height":576,"mime-type":"image\/jpeg","url":"https:\/\/equmeniakyrkan.se\/munktorp\/wp-content\/uploads\/sites\/94\/2020\/04\/tempImagepSl7Fi-768x576.jpg"},"1536x1536":{"width":1536,"height":1152,"mime-type":"image\/jpeg","url":"https:\/\/equmeniakyrkan.se\/munktorp\/wp-content\/uploads\/sites\/94\/2020\/04\/tempImagepSl7Fi-1536x1152.jpg"},"2048x2048":{"width":2048,"height":1536,"mime-type":"image\/jpeg","url":"https:\/\/equmeniakyrkan.se\/munktorp\/wp-content\/uploads\/sites\/94\/2020\/04\/tempImagepSl7Fi-2048x1536.jpg"},"person":{"width":500,"height":500,"mime-type":"image\/jpeg","url":"https:\/\/equmeniakyrkan.se\/munktorp\/wp-content\/uploads\/sites\/94\/2020\/04\/tempImagepSl7Fi-500x500.jpg"},"xlarge":{"width":2048,"height":1536,"mime-type":"image\/jpeg","url":"https:\/\/equmeniakyrkan.se\/munktorp\/wp-content\/uploads\/sites\/94\/2020\/04\/tempImagepSl7Fi-2048x1536.jpg"}},"original_image":"tempImagepSl7Fi.jpg"},"all_day":false,"start_date":"2024-11-10 10:00:00","start_date_details":{"year":"2024","month":"11","day":"10","hour":"10","minutes":"00","seconds":"00"},"end_date":"2024-11-10 12:00:00","end_date_details":{"year":"2024","month":"11","day":"10","hour":"12","minutes":"00","seconds":"00"},"utc_start_date":"2024-11-10 09:00:00","utc_start_date_details":{"year":"2024","month":"11","day":"10","hour":"09","minutes":"00","seconds":"00"},"utc_end_date":"2024-11-10 11:00:00","utc_end_date_details":{"year":"2024","month":"11","day":"10","hour":"11","minutes":"00","seconds":"00"},"timezone":"Europe\/Stockholm","timezone_abbr":"CET","cost":"","cost_details":{"currency_symbol":"kr","currency_code":"USD","currency_position":"prefix","values":[]},"website":"","show_map":true,"show_map_link":true,"hide_from_listings":false,"sticky":false,"featured":false,"categories":[],"tags":[],"venue":[],"organizer":[],"custom_fields":[],"json_ld":{"@context":"http:\/\/schema.org","@type":"Event","name":"Gudstj\u00e4nst","description":"&lt;p&gt;Rode Oscarsson S\u00e5ng Vendela och Filip Tegerstrand, Organist Karin Olsson V\u00e4rdgrupp D,&lt;\/p&gt;\\n","image":"https:\/\/equmeniakyrkan.se\/munktorp\/wp-content\/uploads\/sites\/94\/2020\/04\/tempImagepSl7Fi-scaled.jpg","url":"https:\/\/equmeniakyrkan.se\/munktorp\/kalender\/gudstjanst-113\/","eventAttendanceMode":"https:\/\/schema.org\/OfflineEventAttendanceMode","eventStatus":"https:\/\/schema.org\/EventScheduled","startDate":"2024-11-10T10:00:00+01:00","endDate":"2024-11-10T12:00:00+01:00","performer":"Organization"},"is_virtual":false,"virtual_url":null,"virtual_video_source":""}