{"id":41435,"global_id":"equmeniakyrkan.se\/osthammar?id=41435","global_id_lineage":["equmeniakyrkan.se\/osthammar?id=41435"],"author":"363","status":"publish","date":"2026-04-27 13:16:09","date_utc":"2026-04-27 11:16:09","modified":"2026-04-27 13:16:09","modified_utc":"2026-04-27 11:16:09","url":"https:\/\/equmeniakyrkan.se\/osthammar\/kalender\/arbetsdag-i-kyrkan-6\/","rest_url":"https:\/\/equmeniakyrkan.se\/osthammar\/wp-json\/tribe\/events\/v1\/events\/41435","title":"Arbetsdag i kyrkan","description":"<p>Vi b\u00f6rjar med l\u00f6rdagsandakten och hj\u00e4lps \u00e5t att snygga till v\u00e5r kyrka b\u00e5de inne och utanf\u00f6r, var och en efter sin f\u00f6rm\u00e5ga enligt en lista p\u00e5 anslagstavlan.<\/p>\n<p>Det blir fika och en enkel lunch och fin gemenskap!<\/p>","excerpt":"","slug":"arbetsdag-i-kyrkan-6","image":false,"all_day":false,"start_date":"2026-05-09 09:00:00","start_date_details":{"year":"2026","month":"05","day":"09","hour":"09","minutes":"00","seconds":"00"},"end_date":"2026-05-09 13:00:00","end_date_details":{"year":"2026","month":"05","day":"09","hour":"13","minutes":"00","seconds":"00"},"utc_start_date":"2026-05-09 07:00:00","utc_start_date_details":{"year":"2026","month":"05","day":"09","hour":"07","minutes":"00","seconds":"00"},"utc_end_date":"2026-05-09 11:00:00","utc_end_date_details":{"year":"2026","month":"05","day":"09","hour":"11","minutes":"00","seconds":"00"},"timezone":"Europe\/Stockholm","timezone_abbr":"CEST","cost":"","cost_details":{"currency_symbol":"kr","currency_code":"USD","currency_position":"prefix","values":[]},"website":"","show_map":false,"show_map_link":false,"hide_from_listings":false,"sticky":false,"featured":false,"categories":[],"tags":[],"venue":{"id":37557,"author":"116","status":"publish","date":"2017-06-18 17:51:34","date_utc":"2017-06-18 15:51:34","modified":"2025-11-01 10:59:14","modified_utc":"2025-11-01 09:59:14","url":"https:\/\/equmeniakyrkan.se\/osthammar\/plats\/equmeniakyrkan-osthammar\/","venue":"Equmeniakyrkan \u00d6sthammar","slug":"equmeniakyrkan-osthammar","address":"Svarvaregatan 6","city":"\u00d6sthammar","geo_lat":60.258435,"geo_lng":18.3763404,"json_ld":{"@type":"Place","name":"Equmeniakyrkan \u00d6sthammar","description":"","url":"https:\/\/equmeniakyrkan.se\/osthammar\/plats\/equmeniakyrkan-osthammar\/","address":{"@type":"PostalAddress","streetAddress":"Svarvaregatan 6","addressLocality":"\u00d6sthammar"},"geo":{"@type":"GeoCoordinates","latitude":60.258435,"longitude":18.3763404},"telephone":"","sameAs":""},"show_map":true,"show_map_link":true,"global_id":"equmeniakyrkan.se\/osthammar?id=37557","global_id_lineage":["equmeniakyrkan.se\/osthammar?id=37557"]},"organizer":[],"custom_fields":[],"json_ld":{"@context":"http:\/\/schema.org","@type":"Event","name":"Arbetsdag i kyrkan","description":"&lt;p&gt;Vi b\u00f6rjar med l\u00f6rdagsandakten och hj\u00e4lps \u00e5t att snygga till v\u00e5r kyrka b\u00e5de inne och utanf\u00f6r, var och en efter sin f\u00f6rm\u00e5ga enligt en lista p\u00e5 anslagstavlan. Det blir fika [&hellip;]&lt;\/p&gt;\\n","url":"https:\/\/equmeniakyrkan.se\/osthammar\/kalender\/arbetsdag-i-kyrkan-6\/","eventAttendanceMode":"https:\/\/schema.org\/OfflineEventAttendanceMode","eventStatus":"https:\/\/schema.org\/EventScheduled","startDate":"2026-05-09T09:00:00+02:00","endDate":"2026-05-09T13:00:00+02:00","location":{"@type":"Place","name":"Equmeniakyrkan \u00d6sthammar","description":"","url":"https:\/\/equmeniakyrkan.se\/osthammar\/plats\/equmeniakyrkan-osthammar\/","address":{"@type":"PostalAddress","streetAddress":"Svarvaregatan 6","addressLocality":"\u00d6sthammar"},"geo":{"@type":"GeoCoordinates","latitude":60.258435,"longitude":18.3763404},"telephone":"","sameAs":""},"performer":"Organization"},"is_virtual":false,"virtual_url":null,"virtual_video_source":""}