{"id":4104,"global_id":"equmeniakyrkan.se\/sennan?id=4104","global_id_lineage":["equmeniakyrkan.se\/sennan?id=4104"],"author":"458","status":"publish","date":"2026-03-23 15:16:30","date_utc":"2026-03-23 14:16:30","modified":"2026-03-23 15:16:30","modified_utc":"2026-03-23 14:16:30","url":"https:\/\/equmeniakyrkan.se\/sennan\/kalender\/gudstjanst-153\/","rest_url":"https:\/\/equmeniakyrkan.se\/sennan\/wp-json\/tribe\/events\/v1\/events\/4104","title":"Gudstj\u00e4nst","description":"<p>&#8221;Att v\u00e4xa i tro..&#8221;<\/p>\n<p>Gudstj\u00e4nst med nattvard. Predikan av Per \u00d6sterberg<\/p>","excerpt":"","slug":"gudstjanst-153","image":false,"all_day":false,"start_date":"2026-05-03 10:00:00","start_date_details":{"year":"2026","month":"05","day":"03","hour":"10","minutes":"00","seconds":"00"},"end_date":"2026-05-03 11:30:00","end_date_details":{"year":"2026","month":"05","day":"03","hour":"11","minutes":"30","seconds":"00"},"utc_start_date":"2026-05-03 08:00:00","utc_start_date_details":{"year":"2026","month":"05","day":"03","hour":"08","minutes":"00","seconds":"00"},"utc_end_date":"2026-05-03 09:30:00","utc_end_date_details":{"year":"2026","month":"05","day":"03","hour":"09","minutes":"30","seconds":"00"},"timezone":"Europe\/Stockholm","timezone_abbr":"CEST","cost":"","cost_details":{"currency_symbol":"kr","currency_code":"USD","currency_position":"suffix","values":[]},"website":"","show_map":true,"show_map_link":true,"hide_from_listings":false,"sticky":false,"featured":false,"categories":[],"tags":[],"venue":{"id":174,"author":"170","status":"publish","date":"2020-07-15 19:23:18","date_utc":"2020-07-15 17:23:18","modified":"2025-07-29 18:45:28","modified_utc":"2025-07-29 16:45:28","url":"https:\/\/equmeniakyrkan.se\/sennan\/plats\/equmeniakyrkan-i-sennan\/","venue":"Equmeniakyrkan i Sennan","slug":"equmeniakyrkan-i-sennan","address":"Virshultsv\u00e4gen 9","city":"Sennan","country":"Sverige","zip":"31394","phone":"073-268 98 93","geo_lat":56.7708951,"geo_lng":12.9802964,"json_ld":{"@type":"Place","name":"Equmeniakyrkan i Sennan","description":"","url":"https:\/\/equmeniakyrkan.se\/sennan\/plats\/equmeniakyrkan-i-sennan\/","address":{"@type":"PostalAddress","streetAddress":"Virshultsv\u00e4gen 9","addressLocality":"Sennan","postalCode":"31394","addressCountry":"Sverige"},"geo":{"@type":"GeoCoordinates","latitude":56.7708951,"longitude":12.9802964},"telephone":"073-268 98 93","sameAs":""},"show_map":true,"show_map_link":true,"global_id":"equmeniakyrkan.se\/sennan?id=174","global_id_lineage":["equmeniakyrkan.se\/sennan?id=174"]},"organizer":[],"custom_fields":[],"json_ld":{"@context":"http:\/\/schema.org","@type":"Event","name":"Gudstj\u00e4nst","description":"&lt;p&gt;&quot;Att v\u00e4xa i tro..&quot; Gudstj\u00e4nst med nattvard. Predikan av Per \u00d6sterberg&lt;\/p&gt;\\n","url":"https:\/\/equmeniakyrkan.se\/sennan\/kalender\/gudstjanst-153\/","eventAttendanceMode":"https:\/\/schema.org\/OfflineEventAttendanceMode","eventStatus":"https:\/\/schema.org\/EventScheduled","startDate":"2026-05-03T10:00:00+02:00","endDate":"2026-05-03T11:30:00+02:00","location":{"@type":"Place","name":"Equmeniakyrkan i Sennan","description":"","url":"https:\/\/equmeniakyrkan.se\/sennan\/plats\/equmeniakyrkan-i-sennan\/","address":{"@type":"PostalAddress","streetAddress":"Virshultsv\u00e4gen 9","addressLocality":"Sennan","postalCode":"31394","addressCountry":"Sverige"},"geo":{"@type":"GeoCoordinates","latitude":56.7708951,"longitude":12.9802964},"telephone":"073-268 98 93","sameAs":""},"performer":"Organization"},"is_virtual":false,"virtual_url":null,"virtual_video_source":""}