{"id":10000620,"global_id":"equmeniakyrkan.se\/skarblacka?id=10000620","global_id_lineage":["equmeniakyrkan.se\/skarblacka?id=10000620"],"author":"972","status":"publish","date":"2025-02-19 10:51:18","date_utc":"2025-02-19 09:51:18","modified":"2025-02-19 10:51:18","modified_utc":"2025-02-19 09:51:18","url":"https:\/\/equmeniakyrkan.se\/skarblacka\/kalender\/mandagsgruppen-2\/2026-09-28\/","rest_url":"https:\/\/equmeniakyrkan.se\/skarblacka\/wp-json\/tribe\/events\/v1\/events\/10000620","title":"M\u00e5ndagsgruppen","description":"<p>M\u00e5ndagsgruppen tr\u00e4ffas varje m\u00e5ndag mellan 10-14<\/p>\n<p>Vi umg\u00e5s och g\u00f6r saker tillsammans som gruppen best\u00e4mmer. Vi fikar eller lagar mat och \u00e4ter tillsammans. V\u00e4lkomna!<\/p>","excerpt":"","slug":"mandagsgruppen-2","image":false,"all_day":false,"start_date":"2026-09-28 10:00:00","start_date_details":{"year":"2026","month":"09","day":"28","hour":"10","minutes":"00","seconds":"00"},"end_date":"2026-09-28 14:00:00","end_date_details":{"year":"2026","month":"09","day":"28","hour":"14","minutes":"00","seconds":"00"},"utc_start_date":"2026-09-28 08:00:00","utc_start_date_details":{"year":"2026","month":"09","day":"28","hour":"08","minutes":"00","seconds":"00"},"utc_end_date":"2026-09-28 12:00:00","utc_end_date_details":{"year":"2026","month":"09","day":"28","hour":"12","minutes":"00","seconds":"00"},"timezone":"Europe\/Stockholm","timezone_abbr":"CET","cost":"","cost_details":{"currency_symbol":"kr","currency_code":"USD","currency_position":"prefix","values":[]},"website":"","show_map":true,"show_map_link":true,"hide_from_listings":false,"sticky":false,"featured":false,"categories":[],"tags":[{"name":"M\u00e5ndagsgruppen","slug":"mandagsgruppen","term_group":0,"term_taxonomy_id":52,"taxonomy":"post_tag","description":"","parent":0,"count":1,"filter":"raw","id":52,"urls":{"self":"https:\/\/equmeniakyrkan.se\/skarblacka\/wp-json\/tribe\/events\/v1\/tags\/52","collection":"https:\/\/equmeniakyrkan.se\/skarblacka\/wp-json\/tribe\/events\/v1\/tags"}}],"venue":[],"organizer":[],"custom_fields":[],"json_ld":{"@context":"http:\/\/schema.org","@type":"Event","name":"M\u00e5ndagsgruppen","description":"&lt;p&gt;M\u00e5ndagsgruppen tr\u00e4ffas varje m\u00e5ndag mellan 10-14 Vi umg\u00e5s och g\u00f6r saker tillsammans som gruppen best\u00e4mmer. Vi fikar eller lagar mat och \u00e4ter tillsammans. V\u00e4lkomna!&lt;\/p&gt;\\n","url":"https:\/\/equmeniakyrkan.se\/skarblacka\/kalender\/mandagsgruppen-2\/2026-09-28\/","eventAttendanceMode":"https:\/\/schema.org\/OfflineEventAttendanceMode","eventStatus":"https:\/\/schema.org\/EventScheduled","startDate":"2026-09-28T10:00:00+02:00","endDate":"2026-09-28T14:00:00+02:00","performer":"Organization"},"is_virtual":false,"virtual_url":null,"virtual_video_source":""}