{"id":637,"global_id":"equmeniakyrkan.se\/skarblacka?id=637","global_id_lineage":["equmeniakyrkan.se\/skarblacka?id=637"],"author":"972","status":"publish","date":"2024-07-13 16:12:18","date_utc":"2024-07-13 14:12:18","modified":"2024-07-13 16:12:18","modified_utc":"2024-07-13 14:12:18","url":"https:\/\/equmeniakyrkan.se\/skarblacka\/kalender\/gudstjanst-19\/","rest_url":"https:\/\/equmeniakyrkan.se\/skarblacka\/wp-json\/tribe\/events\/v1\/events\/637","title":"Gudstj\u00e4nst","description":"<p>Gudstj\u00e4nst i Missionskyrkan<\/p>\n<p>Rodhe och Ulf Krusell fr\u00e5n \u00d6stra Ryd medverkar<\/p>","excerpt":"","slug":"gudstjanst-19","image":false,"all_day":false,"start_date":"2024-09-08 10:00:00","start_date_details":{"year":"2024","month":"09","day":"08","hour":"10","minutes":"00","seconds":"00"},"end_date":"2024-09-08 12:00:00","end_date_details":{"year":"2024","month":"09","day":"08","hour":"12","minutes":"00","seconds":"00"},"utc_start_date":"2024-09-08 08:00:00","utc_start_date_details":{"year":"2024","month":"09","day":"08","hour":"08","minutes":"00","seconds":"00"},"utc_end_date":"2024-09-08 10:00:00","utc_end_date_details":{"year":"2024","month":"09","day":"08","hour":"10","minutes":"00","seconds":"00"},"timezone":"Europe\/Stockholm","timezone_abbr":"CEST","cost":"","cost_details":{"currency_symbol":"kr","currency_code":"USD","currency_position":"prefix","values":[]},"website":"","show_map":true,"show_map_link":true,"hide_from_listings":false,"sticky":false,"featured":false,"categories":[],"tags":[{"name":"Gudstj\u00e4nst","slug":"gudstjanst","term_group":0,"term_taxonomy_id":13,"taxonomy":"post_tag","description":"","parent":0,"count":31,"filter":"raw","id":13,"urls":{"self":"https:\/\/equmeniakyrkan.se\/skarblacka\/wp-json\/tribe\/events\/v1\/tags\/13","collection":"https:\/\/equmeniakyrkan.se\/skarblacka\/wp-json\/tribe\/events\/v1\/tags"}},{"name":"Missionskyrkan","slug":"missionskyrkan","term_group":0,"term_taxonomy_id":16,"taxonomy":"post_tag","description":"","parent":0,"count":5,"filter":"raw","id":16,"urls":{"self":"https:\/\/equmeniakyrkan.se\/skarblacka\/wp-json\/tribe\/events\/v1\/tags\/16","collection":"https:\/\/equmeniakyrkan.se\/skarblacka\/wp-json\/tribe\/events\/v1\/tags"}}],"venue":[],"organizer":[],"custom_fields":[],"json_ld":{"@context":"http:\/\/schema.org","@type":"Event","name":"Gudstj\u00e4nst","description":"&lt;p&gt;Gudstj\u00e4nst i Missionskyrkan Rodhe och Ulf Krusell fr\u00e5n \u00d6stra Ryd medverkar&lt;\/p&gt;\\n","url":"https:\/\/equmeniakyrkan.se\/skarblacka\/kalender\/gudstjanst-19\/","eventAttendanceMode":"https:\/\/schema.org\/OfflineEventAttendanceMode","eventStatus":"https:\/\/schema.org\/EventScheduled","startDate":"2024-09-08T10:00:00+02:00","endDate":"2024-09-08T12:00:00+02:00","performer":"Organization"},"is_virtual":false,"virtual_url":null,"virtual_video_source":""}