{"id":864,"global_id":"equmeniakyrkan.se\/skarblacka?id=864","global_id_lineage":["equmeniakyrkan.se\/skarblacka?id=864"],"author":"972","status":"publish","date":"2025-06-04 08:23:58","date_utc":"2025-06-04 06:23:58","modified":"2025-06-04 08:23:58","modified_utc":"2025-06-04 06:23:58","url":"https:\/\/equmeniakyrkan.se\/skarblacka\/kalender\/gudstjanst-38\/","rest_url":"https:\/\/equmeniakyrkan.se\/skarblacka\/wp-json\/tribe\/events\/v1\/events\/864","title":"Gudstj\u00e4nst","description":"<p>Pingstdagen<\/p>\n<p>Gudstj\u00e4nst d\u00e4r Sofia Asthamn fr\u00e5n Vadstena medverkar<\/p>","excerpt":"","slug":"gudstjanst-38","image":false,"all_day":false,"start_date":"2025-06-08 10:00:00","start_date_details":{"year":"2025","month":"06","day":"08","hour":"10","minutes":"00","seconds":"00"},"end_date":"2025-06-08 12:00:00","end_date_details":{"year":"2025","month":"06","day":"08","hour":"12","minutes":"00","seconds":"00"},"utc_start_date":"2025-06-08 08:00:00","utc_start_date_details":{"year":"2025","month":"06","day":"08","hour":"08","minutes":"00","seconds":"00"},"utc_end_date":"2025-06-08 10:00:00","utc_end_date_details":{"year":"2025","month":"06","day":"08","hour":"10","minutes":"00","seconds":"00"},"timezone":"Europe\/Stockholm","timezone_abbr":"CEST","cost":"","cost_details":{"currency_symbol":"kr","currency_code":"USD","currency_position":"prefix","values":[]},"website":"","show_map":true,"show_map_link":true,"hide_from_listings":false,"sticky":false,"featured":false,"categories":[],"tags":[{"name":"Gudstj\u00e4nst","slug":"gudstjanst","term_group":0,"term_taxonomy_id":13,"taxonomy":"post_tag","description":"","parent":0,"count":31,"filter":"raw","id":13,"urls":{"self":"https:\/\/equmeniakyrkan.se\/skarblacka\/wp-json\/tribe\/events\/v1\/tags\/13","collection":"https:\/\/equmeniakyrkan.se\/skarblacka\/wp-json\/tribe\/events\/v1\/tags"}}],"venue":[],"organizer":[],"custom_fields":[],"json_ld":{"@context":"http:\/\/schema.org","@type":"Event","name":"Gudstj\u00e4nst","description":"&lt;p&gt;Pingstdagen Gudstj\u00e4nst d\u00e4r Sofia Asthamn fr\u00e5n Vadstena medverkar&lt;\/p&gt;\\n","url":"https:\/\/equmeniakyrkan.se\/skarblacka\/kalender\/gudstjanst-38\/","eventAttendanceMode":"https:\/\/schema.org\/OfflineEventAttendanceMode","eventStatus":"https:\/\/schema.org\/EventScheduled","startDate":"2025-06-08T10:00:00+02:00","endDate":"2025-06-08T12:00:00+02:00","performer":"Organization"},"is_virtual":false,"virtual_url":null,"virtual_video_source":""}