{"id":10003870,"global_id":"equmeniakyrkan.se\/sodertalje?id=10003870","global_id_lineage":["equmeniakyrkan.se\/sodertalje?id=10003870"],"author":"936","status":"publish","date":"2026-04-20 09:51:54","date_utc":"2026-04-20 07:51:54","modified":"2026-04-20 09:51:54","modified_utc":"2026-04-20 07:51:54","url":"https:\/\/equmeniakyrkan.se\/sodertalje\/kalender\/barnkor-ovning-2-2-2-3-2-2\/2026-05-07\/","rest_url":"https:\/\/equmeniakyrkan.se\/sodertalje\/wp-json\/tribe\/events\/v1\/events\/10003870","title":"Barnk\u00f6r \u00f6vning","description":"<p>Barnk\u00f6ren Kort &#038; Gott tillh\u00f6r Equmenia Ung i S\u00f6dert\u00e4lje och har varit aktiv i m\u00e5nga \u00e5r. Vi sjunger allt fr\u00e5n ballader till pop\/rock, men med ett kristet budskap. N\u00e5gon gospel kan dyka upp ocks\u00e5!<br \/>\nF\u00f6r att b\u00f6rja i k\u00f6ren beh\u00f6ver du vara minst 6 \u00e5r och kunna sitta n\u00e5gorlunda stilla i 45 minuter. Vi \u00f6var torsdagar 18.00-18.45.<br \/>\nOm du har fr\u00e5gor \u00e4r du v\u00e4lkommen att h\u00f6ra av dig till k\u00f6rens ledare Alice Hillered (076-761 20 19).<br \/>\nV\u00e4lkommen!<\/p>","excerpt":"","slug":"barnkor-ovning-2-2-2-3-2-2","image":{"url":"https:\/\/equmeniakyrkan.se\/sodertalje\/wp-content\/uploads\/sites\/186\/2024\/02\/banrkor.jpg","id":42184,"extension":"jpg","width":1434,"height":862,"filesize":276415,"sizes":{"medium":{"width":640,"height":385,"mime-type":"image\/jpeg","filesize":52156,"url":"https:\/\/equmeniakyrkan.se\/sodertalje\/wp-content\/uploads\/sites\/186\/2024\/02\/banrkor-640x385.jpg"},"thumbnail":{"width":300,"height":300,"mime-type":"image\/jpeg","filesize":23921,"url":"https:\/\/equmeniakyrkan.se\/sodertalje\/wp-content\/uploads\/sites\/186\/2024\/02\/banrkor-300x300.jpg"},"medium_large":{"width":768,"height":462,"mime-type":"image\/jpeg","filesize":70015,"url":"https:\/\/equmeniakyrkan.se\/sodertalje\/wp-content\/uploads\/sites\/186\/2024\/02\/banrkor-768x462.jpg"}}},"all_day":false,"start_date":"2026-05-07 18:00:00","start_date_details":{"year":"2026","month":"05","day":"07","hour":"18","minutes":"00","seconds":"00"},"end_date":"2026-05-07 18:45:00","end_date_details":{"year":"2026","month":"05","day":"07","hour":"18","minutes":"45","seconds":"00"},"utc_start_date":"2026-05-07 16:00:00","utc_start_date_details":{"year":"2026","month":"05","day":"07","hour":"16","minutes":"00","seconds":"00"},"utc_end_date":"2026-05-07 16:45:00","utc_end_date_details":{"year":"2026","month":"05","day":"07","hour":"16","minutes":"45","seconds":"00"},"timezone":"Europe\/Stockholm","timezone_abbr":"CEST","cost":"","cost_details":{"currency_symbol":"kr","currency_code":"USD","currency_position":"prefix","values":[]},"website":"","show_map":true,"show_map_link":true,"hide_from_listings":false,"sticky":false,"featured":false,"categories":[{"name":"Barnk\u00f6r","slug":"barnkor","term_group":0,"term_taxonomy_id":48,"taxonomy":"tribe_events_cat","description":"","parent":0,"count":14,"filter":"raw","id":48,"urls":{"self":"https:\/\/equmeniakyrkan.se\/sodertalje\/wp-json\/tribe\/events\/v1\/categories\/48","collection":"https:\/\/equmeniakyrkan.se\/sodertalje\/wp-json\/tribe\/events\/v1\/categories"}}],"tags":[],"venue":[],"organizer":[],"custom_fields":[],"json_ld":{"@context":"http:\/\/schema.org","@type":"Event","name":"Barnk\u00f6r \u00f6vning","description":"&lt;p&gt;Barnk\u00f6ren Kort &amp; Gott tillh\u00f6r Equmenia Ung i S\u00f6dert\u00e4lje och har varit aktiv i m\u00e5nga \u00e5r. Vi sjunger allt fr\u00e5n ballader till pop\/rock, men med ett kristet budskap. N\u00e5gon gospel [&hellip;]&lt;\/p&gt;\\n","image":"https:\/\/equmeniakyrkan.se\/sodertalje\/wp-content\/uploads\/sites\/186\/2024\/02\/banrkor.jpg","url":"https:\/\/equmeniakyrkan.se\/sodertalje\/kalender\/barnkor-ovning-2-2-2-3-2-2\/2026-05-07\/","eventAttendanceMode":"https:\/\/schema.org\/OfflineEventAttendanceMode","eventStatus":"https:\/\/schema.org\/EventScheduled","startDate":"2026-05-07T18:00:00+02:00","endDate":"2026-05-07T18:45:00+02:00","performer":"Organization"},"is_virtual":false,"virtual_url":null,"virtual_video_source":""}