{"id":44082,"global_id":"equmeniakyrkan.se\/sodertalje?id=44082","global_id_lineage":["equmeniakyrkan.se\/sodertalje?id=44082"],"author":"936","status":"publish","date":"2026-04-23 15:48:51","date_utc":"2026-04-23 13:48:51","modified":"2026-04-23 15:48:51","modified_utc":"2026-04-23 13:48:51","url":"https:\/\/equmeniakyrkan.se\/sodertalje\/kalender\/gudstjanst-148-38\/","rest_url":"https:\/\/equmeniakyrkan.se\/sodertalje\/wp-json\/tribe\/events\/v1\/events\/44082","title":"Gudstj\u00e4nst","description":"<p>\u201dDen helige Ande\u201d. Pastor Johanna \u00c5gestad och gudstj\u00e4nstledare Lillemor Mbanza.<br \/>\nS\u00e5ng och musik; Equmeniakyrkans k\u00f6r och \u00c5ke Engdahl.<br \/>\nS\u00f6ndagsskola fr\u00e5n 4 \u00e5r.<\/p>","excerpt":"","slug":"gudstjanst-148-38","image":{"url":"https:\/\/equmeniakyrkan.se\/sodertalje\/wp-content\/uploads\/sites\/186\/2022\/06\/dsc-0455.jpg","id":40786,"extension":"jpg","width":2016,"height":1134,"filesize":353207,"sizes":{"medium":{"width":640,"height":360,"mime-type":"image\/jpeg","filesize":50208,"url":"https:\/\/equmeniakyrkan.se\/sodertalje\/wp-content\/uploads\/sites\/186\/2022\/06\/dsc-0455-640x360.jpg"},"large":{"width":1500,"height":844,"mime-type":"image\/jpeg","filesize":238751,"url":"https:\/\/equmeniakyrkan.se\/sodertalje\/wp-content\/uploads\/sites\/186\/2022\/06\/dsc-0455-1500x844.jpg"},"thumbnail":{"width":300,"height":300,"mime-type":"image\/jpeg","filesize":21857,"url":"https:\/\/equmeniakyrkan.se\/sodertalje\/wp-content\/uploads\/sites\/186\/2022\/06\/dsc-0455-300x300.jpg"},"medium_large":{"width":768,"height":432,"mime-type":"image\/jpeg","filesize":70538,"url":"https:\/\/equmeniakyrkan.se\/sodertalje\/wp-content\/uploads\/sites\/186\/2022\/06\/dsc-0455-768x432.jpg"},"1536x1536":{"width":1536,"height":864,"mime-type":"image\/jpeg","filesize":247671,"url":"https:\/\/equmeniakyrkan.se\/sodertalje\/wp-content\/uploads\/sites\/186\/2022\/06\/dsc-0455-1536x864.jpg"}}},"all_day":false,"start_date":"2026-05-24 11:00:00","start_date_details":{"year":"2026","month":"05","day":"24","hour":"11","minutes":"00","seconds":"00"},"end_date":"2026-05-24 12:00:00","end_date_details":{"year":"2026","month":"05","day":"24","hour":"12","minutes":"00","seconds":"00"},"utc_start_date":"2026-05-24 09:00:00","utc_start_date_details":{"year":"2026","month":"05","day":"24","hour":"09","minutes":"00","seconds":"00"},"utc_end_date":"2026-05-24 10:00:00","utc_end_date_details":{"year":"2026","month":"05","day":"24","hour":"10","minutes":"00","seconds":"00"},"timezone":"Europe\/Stockholm","timezone_abbr":"CEST","cost":"","cost_details":{"currency_symbol":"kr","currency_code":"USD","currency_position":"prefix","values":[]},"website":"","show_map":true,"show_map_link":true,"hide_from_listings":false,"sticky":false,"featured":false,"categories":[{"name":"Gudstj\u00e4nst","slug":"gudstjanst","term_group":0,"term_taxonomy_id":14,"taxonomy":"tribe_events_cat","description":"","parent":0,"count":458,"filter":"raw","id":14,"urls":{"self":"https:\/\/equmeniakyrkan.se\/sodertalje\/wp-json\/tribe\/events\/v1\/categories\/14","collection":"https:\/\/equmeniakyrkan.se\/sodertalje\/wp-json\/tribe\/events\/v1\/categories"}}],"tags":[],"venue":[],"organizer":[],"custom_fields":[],"json_ld":{"@context":"http:\/\/schema.org","@type":"Event","name":"Gudstj\u00e4nst","description":"&lt;p&gt;\u201dDen helige Ande\u201d. Pastor Johanna \u00c5gestad och gudstj\u00e4nstledare Lillemor Mbanza. S\u00e5ng och musik; Equmeniakyrkans k\u00f6r och \u00c5ke Engdahl. S\u00f6ndagsskola fr\u00e5n 4 \u00e5r.&lt;\/p&gt;\\n","image":"https:\/\/equmeniakyrkan.se\/sodertalje\/wp-content\/uploads\/sites\/186\/2022\/06\/dsc-0455.jpg","url":"https:\/\/equmeniakyrkan.se\/sodertalje\/kalender\/gudstjanst-148-38\/","eventAttendanceMode":"https:\/\/schema.org\/OfflineEventAttendanceMode","eventStatus":"https:\/\/schema.org\/EventScheduled","startDate":"2026-05-24T11:00:00+02:00","endDate":"2026-05-24T12:00:00+02:00","performer":"Organization"},"is_virtual":false,"virtual_url":null,"virtual_video_source":""}