{"id":46089,"global_id":"equmeniakyrkan.se\/ulricehamn?id=46089","global_id_lineage":["equmeniakyrkan.se\/ulricehamn?id=46089"],"author":"586","status":"publish","date":"2026-03-08 18:16:25","date_utc":"2026-03-08 17:16:25","modified":"2026-03-08 18:21:06","modified_utc":"2026-03-08 17:21:06","url":"https:\/\/equmeniakyrkan.se\/ulricehamn\/kalender\/gudstjanst-vid-korset-7\/","rest_url":"https:\/\/equmeniakyrkan.se\/ulricehamn\/wp-json\/tribe\/events\/v1\/events\/46089","title":"Gudstj\u00e4nst vid korset","description":"<p>F\u00f6lj p\u00e5skens drama i bibell\u00e4sning, nattvardsfirande, b\u00f6n och s\u00e5ng. Peter Andersson , Harald Eidering mfl medverkar.<\/p>\n<p>&nbsp;<\/p>","excerpt":"","slug":"gudstjanst-vid-korset-7","image":false,"all_day":false,"start_date":"2026-04-03 10:00:00","start_date_details":{"year":"2026","month":"04","day":"03","hour":"10","minutes":"00","seconds":"00"},"end_date":"2026-04-03 11:30:00","end_date_details":{"year":"2026","month":"04","day":"03","hour":"11","minutes":"30","seconds":"00"},"utc_start_date":"2026-04-03 08:00:00","utc_start_date_details":{"year":"2026","month":"04","day":"03","hour":"08","minutes":"00","seconds":"00"},"utc_end_date":"2026-04-03 09:30:00","utc_end_date_details":{"year":"2026","month":"04","day":"03","hour":"09","minutes":"30","seconds":"00"},"timezone":"Europe\/Stockholm","timezone_abbr":"CEST","cost":"","cost_details":{"currency_symbol":"kr","currency_code":"USD","currency_position":"prefix","values":[]},"website":"","show_map":true,"show_map_link":true,"hide_from_listings":false,"sticky":false,"featured":false,"categories":[{"name":"Ekumeniska samlingar och h\u00f6gtider","slug":"ekumeniska-samlingar-och-hogtider","term_group":0,"term_taxonomy_id":27,"taxonomy":"tribe_events_cat","description":"","parent":0,"count":223,"filter":"raw","id":27,"urls":{"self":"https:\/\/equmeniakyrkan.se\/ulricehamn\/wp-json\/tribe\/events\/v1\/categories\/27","collection":"https:\/\/equmeniakyrkan.se\/ulricehamn\/wp-json\/tribe\/events\/v1\/categories"}},{"name":"F\u00f6rsamlingen","slug":"forsamlingen","term_group":0,"term_taxonomy_id":36,"taxonomy":"tribe_events_cat","description":"","parent":0,"count":886,"filter":"raw","id":36,"urls":{"self":"https:\/\/equmeniakyrkan.se\/ulricehamn\/wp-json\/tribe\/events\/v1\/categories\/36","collection":"https:\/\/equmeniakyrkan.se\/ulricehamn\/wp-json\/tribe\/events\/v1\/categories"}},{"name":"Gudstj\u00e4nst","slug":"gudstjanst","term_group":0,"term_taxonomy_id":26,"taxonomy":"tribe_events_cat","description":"","parent":0,"count":424,"filter":"raw","id":26,"urls":{"self":"https:\/\/equmeniakyrkan.se\/ulricehamn\/wp-json\/tribe\/events\/v1\/categories\/26","collection":"https:\/\/equmeniakyrkan.se\/ulricehamn\/wp-json\/tribe\/events\/v1\/categories"}}],"tags":[],"venue":[],"organizer":[],"custom_fields":[],"json_ld":{"@context":"http:\/\/schema.org","@type":"Event","name":"Gudstj\u00e4nst vid korset","description":"&lt;p&gt;F\u00f6lj p\u00e5skens drama i bibell\u00e4sning, nattvardsfirande, b\u00f6n och s\u00e5ng. Peter Andersson , Harald Eidering mfl medverkar. &nbsp;&lt;\/p&gt;\\n","url":"https:\/\/equmeniakyrkan.se\/ulricehamn\/kalender\/gudstjanst-vid-korset-7\/","eventAttendanceMode":"https:\/\/schema.org\/OfflineEventAttendanceMode","eventStatus":"https:\/\/schema.org\/EventScheduled","startDate":"2026-04-03T10:00:00+02:00","endDate":"2026-04-03T11:30:00+02:00","performer":"Organization"},"is_virtual":false,"virtual_url":null,"virtual_video_source":""}