{"id":3007,"global_id":"equmeniakyrkan.se\/vanga?id=3007","global_id_lineage":["equmeniakyrkan.se\/vanga?id=3007"],"author":"562","status":"publish","date":"2026-01-16 10:47:31","date_utc":"2026-01-16 09:47:31","modified":"2026-01-16 10:47:31","modified_utc":"2026-01-16 09:47:31","url":"https:\/\/equmeniakyrkan.se\/vanga\/kalender\/kretstraffen-equmeniakyrkan-vanga-2\/","rest_url":"https:\/\/equmeniakyrkan.se\/vanga\/wp-json\/tribe\/events\/v1\/events\/3007","title":"Kretstr\u00e4ffen Equmeniakyrkan V\u00e4nga","description":"<p>&#8221;S\u00e5 minns vi Artur Eriksson&#8221;<br \/>\n\u00c5ke Nordqvist och Hans Carlen<\/p>","excerpt":"","slug":"kretstraffen-equmeniakyrkan-vanga-2","image":false,"all_day":false,"start_date":"2026-05-07 10:30:00","start_date_details":{"year":"2026","month":"05","day":"07","hour":"10","minutes":"30","seconds":"00"},"end_date":"2026-05-07 10:30:00","end_date_details":{"year":"2026","month":"05","day":"07","hour":"10","minutes":"30","seconds":"00"},"utc_start_date":"2026-05-07 08:30:00","utc_start_date_details":{"year":"2026","month":"05","day":"07","hour":"08","minutes":"30","seconds":"00"},"utc_end_date":"2026-05-07 08:30:00","utc_end_date_details":{"year":"2026","month":"05","day":"07","hour":"08","minutes":"30","seconds":"00"},"timezone":"Europe\/Stockholm","timezone_abbr":"CEST","cost":"","cost_details":{"currency_symbol":"kr","currency_code":"USD","currency_position":"prefix","values":[]},"website":"","show_map":true,"show_map_link":true,"hide_from_listings":false,"sticky":false,"featured":false,"categories":[],"tags":[],"venue":{"id":144,"author":"456","status":"publish","date":"2020-09-13 11:42:54","date_utc":"2020-09-13 09:42:54","modified":"2024-05-19 21:13:25","modified_utc":"2024-05-19 19:13:25","url":"https:\/\/equmeniakyrkan.se\/vanga\/plats\/144\/","venue":"V\u00e4nga","slug":"144","address":"Equmeniakyrkan V\u00e4nga","json_ld":{"@type":"Place","name":"V\u00e4nga","description":"","url":"https:\/\/equmeniakyrkan.se\/vanga\/plats\/144\/","address":{"@type":"PostalAddress","streetAddress":"Equmeniakyrkan V\u00e4nga"},"telephone":"","sameAs":""},"show_map":true,"show_map_link":true,"global_id":"equmeniakyrkan.se\/vanga?id=144","global_id_lineage":["equmeniakyrkan.se\/vanga?id=144"]},"organizer":[{"id":134,"author":"456","status":"publish","date":"2020-09-13 10:58:39","date_utc":"2020-09-13 08:58:39","modified":"2020-09-13 10:58:39","modified_utc":"2020-09-13 08:58:39","url":"https:\/\/equmeniakyrkan.se\/vanga\/arrangor\/equmeniakyrkan-vanga\/","organizer":"Equmeniakyrkan V\u00e4nga","slug":"equmeniakyrkan-vanga","json_ld":{"@type":"Person","name":"Equmeniakyrkan V\u00e4nga","description":"","url":"","telephone":"","email":"","sameAs":""},"global_id":"equmeniakyrkan.se\/vanga?id=134","global_id_lineage":["equmeniakyrkan.se\/vanga?id=134"]}],"custom_fields":[],"json_ld":{"@context":"http:\/\/schema.org","@type":"Event","name":"Kretstr\u00e4ffen Equmeniakyrkan V\u00e4nga","description":"&lt;p&gt;&quot;S\u00e5 minns vi Artur Eriksson&quot; \u00c5ke Nordqvist och Hans Carlen&lt;\/p&gt;\\n","url":"https:\/\/equmeniakyrkan.se\/vanga\/kalender\/kretstraffen-equmeniakyrkan-vanga-2\/","eventAttendanceMode":"https:\/\/schema.org\/OfflineEventAttendanceMode","eventStatus":"https:\/\/schema.org\/EventScheduled","startDate":"2026-05-07T10:30:00+02:00","endDate":"2026-05-07T10:30:00+02:00","location":{"@type":"Place","name":"V\u00e4nga","description":"","url":"https:\/\/equmeniakyrkan.se\/vanga\/plats\/144\/","address":{"@type":"PostalAddress","streetAddress":"Equmeniakyrkan V\u00e4nga"},"telephone":"","sameAs":""},"organizer":{"@type":"Person","name":"Equmeniakyrkan V\u00e4nga","description":"","url":"","telephone":"","email":"","sameAs":""},"performer":"Organization"},"is_virtual":false,"virtual_url":null,"virtual_video_source":""}