{"id":10005630,"global_id":"equmeniakyrkan.se\/vargarda?id=10005630","global_id_lineage":["equmeniakyrkan.se\/vargarda?id=10005630"],"author":"327","status":"publish","date":"2026-01-08 12:47:28","date_utc":"2026-01-08 11:47:28","modified":"2026-01-08 12:47:28","modified_utc":"2026-01-08 11:47:28","url":"https:\/\/equmeniakyrkan.se\/vargarda\/kalender\/forsamlingsbon-9\/2026-06-03\/","rest_url":"https:\/\/equmeniakyrkan.se\/vargarda\/wp-json\/tribe\/events\/v1\/events\/10005630","title":"F\u00f6rsamlingsb\u00f6n","description":"<p>V\u00e4lkommen p\u00e5 b\u00f6nesamling!<\/p>\n<p>Vi l\u00e4ser n\u00e5gra kapitel i bibeln, och sedan ber vi f\u00f6r V\u00e5rg\u00e5rda, v\u00e4rlden, oss sj\u00e4lva, och de b\u00f6ne\u00e4mnen vi vill ta upp.<\/p>\n<p>Vi m\u00f6ts i kyrksalen.<\/p>","excerpt":"","slug":"forsamlingsbon-9","image":false,"all_day":false,"start_date":"2026-06-03 08:45:00","start_date_details":{"year":"2026","month":"06","day":"03","hour":"08","minutes":"45","seconds":"00"},"end_date":"2026-06-03 09:30:00","end_date_details":{"year":"2026","month":"06","day":"03","hour":"09","minutes":"30","seconds":"00"},"utc_start_date":"2026-06-03 06:45:00","utc_start_date_details":{"year":"2026","month":"06","day":"03","hour":"06","minutes":"45","seconds":"00"},"utc_end_date":"2026-06-03 07:30:00","utc_end_date_details":{"year":"2026","month":"06","day":"03","hour":"07","minutes":"30","seconds":"00"},"timezone":"Europe\/Stockholm","timezone_abbr":"CET","cost":"","cost_details":{"currency_symbol":"kr","currency_code":"USD","currency_position":"prefix","values":[]},"website":"","show_map":true,"show_map_link":true,"hide_from_listings":false,"sticky":false,"featured":false,"categories":[],"tags":[],"venue":[],"organizer":[],"custom_fields":[],"json_ld":{"@context":"http:\/\/schema.org","@type":"Event","name":"F\u00f6rsamlingsb\u00f6n","description":"&lt;p&gt;V\u00e4lkommen p\u00e5 b\u00f6nesamling! Vi l\u00e4ser n\u00e5gra kapitel i bibeln, och sedan ber vi f\u00f6r V\u00e5rg\u00e5rda, v\u00e4rlden, oss sj\u00e4lva, och de b\u00f6ne\u00e4mnen vi vill ta upp. Vi m\u00f6ts i kyrksalen.&lt;\/p&gt;\\n","url":"https:\/\/equmeniakyrkan.se\/vargarda\/kalender\/forsamlingsbon-9\/2026-06-03\/","eventAttendanceMode":"https:\/\/schema.org\/OfflineEventAttendanceMode","eventStatus":"https:\/\/schema.org\/EventScheduled","startDate":"2026-06-03T08:45:00+02:00","endDate":"2026-06-03T09:30:00+02:00","performer":"Organization"},"is_virtual":false,"virtual_url":null,"virtual_video_source":""}