{"id":10005670,"global_id":"equmeniakyrkan.se\/vargarda?id=10005670","global_id_lineage":["equmeniakyrkan.se\/vargarda?id=10005670"],"author":"327","status":"publish","date":"2026-01-08 14:24:16","date_utc":"2026-01-08 13:24:16","modified":"2026-01-08 14:24:16","modified_utc":"2026-01-08 13:24:16","url":"https:\/\/equmeniakyrkan.se\/vargarda\/kalender\/stick-sprakcafe-for-alla-kvinnor\/2026-05-07\/","rest_url":"https:\/\/equmeniakyrkan.se\/vargarda\/wp-json\/tribe\/events\/v1\/events\/10005670","title":"Stick- &#038; spr\u00e5kcaf\u00e9 f\u00f6r alla kvinnor","description":"<p>V\u00e4lkommen till stick- och spr\u00e5kcaf\u00e9 f\u00f6r kvinnor!<\/p>\n<p>Vi m\u00f6ts varje torsdag kl 15-17 och pratar, umg\u00e5s, fikar, l\u00e4r oss svenska och handarbetar om man vill. Det finns utrustning p\u00e5 plats till att handarbeta, eller s\u00e5 tar du med dig det du har hemma.<\/p>\n<p>I avslutningen av v\u00e5rt caf\u00e9 \u00f6ppnar vi m\u00e5r pop-up matbutik d\u00e4r man kan handla mat vi f\u00e5r sk\u00e4nkt fr\u00e5n Willys V\u00e5rg\u00e5rda till v\u00e4ldigt f\u00f6rm\u00e5nliga priser. Bra f\u00f6r pl\u00e5nboken och bra f\u00f6r milj\u00f6n!<\/p>\n<p>V\u00e4lkommen!<\/p>","excerpt":"","slug":"stick-sprakcafe-for-alla-kvinnor","image":{"url":"https:\/\/equmeniakyrkan.se\/vargarda\/wp-content\/uploads\/sites\/103\/2026\/01\/stick-o-sprak.jpg","id":42263,"extension":"jpg","width":1920,"height":1080,"filesize":146647,"sizes":{"medium":{"width":640,"height":360,"mime-type":"image\/jpeg","filesize":33429,"url":"https:\/\/equmeniakyrkan.se\/vargarda\/wp-content\/uploads\/sites\/103\/2026\/01\/stick-o-sprak-640x360.jpg"},"large":{"width":1500,"height":844,"mime-type":"image\/jpeg","filesize":93427,"url":"https:\/\/equmeniakyrkan.se\/vargarda\/wp-content\/uploads\/sites\/103\/2026\/01\/stick-o-sprak-1500x844.jpg"},"thumbnail":{"width":300,"height":300,"mime-type":"image\/jpeg","filesize":22688,"url":"https:\/\/equmeniakyrkan.se\/vargarda\/wp-content\/uploads\/sites\/103\/2026\/01\/stick-o-sprak-300x300.jpg"},"medium_large":{"width":768,"height":432,"mime-type":"image\/jpeg","filesize":42211,"url":"https:\/\/equmeniakyrkan.se\/vargarda\/wp-content\/uploads\/sites\/103\/2026\/01\/stick-o-sprak-768x432.jpg"},"1536x1536":{"width":1536,"height":864,"mime-type":"image\/jpeg","filesize":95616,"url":"https:\/\/equmeniakyrkan.se\/vargarda\/wp-content\/uploads\/sites\/103\/2026\/01\/stick-o-sprak-1536x864.jpg"}}},"all_day":false,"start_date":"2026-05-07 15:00:00","start_date_details":{"year":"2026","month":"05","day":"07","hour":"15","minutes":"00","seconds":"00"},"end_date":"2026-05-07 17:00:00","end_date_details":{"year":"2026","month":"05","day":"07","hour":"17","minutes":"00","seconds":"00"},"utc_start_date":"2026-05-07 13:00:00","utc_start_date_details":{"year":"2026","month":"05","day":"07","hour":"13","minutes":"00","seconds":"00"},"utc_end_date":"2026-05-07 15:00:00","utc_end_date_details":{"year":"2026","month":"05","day":"07","hour":"15","minutes":"00","seconds":"00"},"timezone":"Europe\/Stockholm","timezone_abbr":"CET","cost":"","cost_details":{"currency_symbol":"kr","currency_code":"USD","currency_position":"prefix","values":[]},"website":"","show_map":true,"show_map_link":true,"hide_from_listings":false,"sticky":false,"featured":false,"categories":[],"tags":[],"venue":[],"organizer":[],"custom_fields":[],"json_ld":{"@context":"http:\/\/schema.org","@type":"Event","name":"Stick- &#038; spr\u00e5kcaf\u00e9 f\u00f6r alla kvinnor","description":"&lt;p&gt;V\u00e4lkommen till stick- och spr\u00e5kcaf\u00e9 f\u00f6r kvinnor! Vi m\u00f6ts varje torsdag kl 15-17 och pratar, umg\u00e5s, fikar, l\u00e4r oss svenska och handarbetar om man vill. Det finns utrustning p\u00e5 plats [&hellip;]&lt;\/p&gt;\\n","image":"https:\/\/equmeniakyrkan.se\/vargarda\/wp-content\/uploads\/sites\/103\/2026\/01\/stick-o-sprak.jpg","url":"https:\/\/equmeniakyrkan.se\/vargarda\/kalender\/stick-sprakcafe-for-alla-kvinnor\/2026-05-07\/","eventAttendanceMode":"https:\/\/schema.org\/OfflineEventAttendanceMode","eventStatus":"https:\/\/schema.org\/EventScheduled","startDate":"2026-05-07T15:00:00+02:00","endDate":"2026-05-07T17:00:00+02:00","performer":"Organization"},"is_virtual":false,"virtual_url":null,"virtual_video_source":""}