{"id":10001076,"global_id":"equmeniakyrkan.se\/varmlandsnas?id=10001076","global_id_lineage":["equmeniakyrkan.se\/varmlandsnas?id=10001076"],"author":"685","status":"publish","date":"2025-08-21 17:54:56","date_utc":"2025-08-21 15:54:56","modified":"2025-10-10 18:26:38","modified_utc":"2025-10-10 16:26:38","url":"https:\/\/equmeniakyrkan.se\/varmlandsnas\/kalender\/soka-och-finna-livsmod-samtal-om-existensiell-halsa\/2025-09-24\/","rest_url":"https:\/\/equmeniakyrkan.se\/varmlandsnas\/wp-json\/tribe\/events\/v1\/events\/10001076","title":"S\u00f6ka och finna livsmod &#8211; samtal om existensiell h\u00e4lsa","description":"<p dir=\"ltr\">En samtalskurs om byggstenarna inom existentiell h\u00e4lsa<\/p>\n<p dir=\"ltr\">Samtals\u00e4mnena \u00e4r: Inre frid och harmoni, Hopp, Andlig styrka och kontakt, Helhet och tillit, F\u00f6rundran, Gemenskap, Meningsfullhet, Personlig tro<\/p>\n<p dir=\"ltr\">Kursen startar onsdag 17\/9 kl 18.00 i S\u00f6rbrokyrkan<\/p>\n<p dir=\"ltr\">\u00c5tta onsdagar i h\u00f6st!<\/p>\n<p dir=\"ltr\">V\u00e4lkommen att anm\u00e4la dig till pastor Ulrika Danielsson 070-272 16 31 senast 11\/9<\/p>","excerpt":"","slug":"soka-och-finna-livsmod-samtal-om-existensiell-halsa","image":false,"all_day":false,"start_date":"2025-09-24 18:00:00","start_date_details":{"year":"2025","month":"09","day":"24","hour":"18","minutes":"00","seconds":"00"},"end_date":"2025-09-24 20:00:00","end_date_details":{"year":"2025","month":"09","day":"24","hour":"20","minutes":"00","seconds":"00"},"utc_start_date":"2025-09-24 16:00:00","utc_start_date_details":{"year":"2025","month":"09","day":"24","hour":"16","minutes":"00","seconds":"00"},"utc_end_date":"2025-09-24 18:00:00","utc_end_date_details":{"year":"2025","month":"09","day":"24","hour":"18","minutes":"00","seconds":"00"},"timezone":"Europe\/Stockholm","timezone_abbr":"CEST","cost":"","cost_details":{"currency_symbol":"kr","currency_code":"USD","currency_position":"prefix","values":[]},"website":"","show_map":true,"show_map_link":true,"hide_from_listings":false,"sticky":false,"featured":false,"categories":[],"tags":[],"venue":[],"organizer":[],"custom_fields":[],"json_ld":{"@context":"http:\/\/schema.org","@type":"Event","name":"S\u00f6ka och finna livsmod &#8211; samtal om existensiell h\u00e4lsa","description":"&lt;p&gt;En samtalskurs om byggstenarna inom existentiell h\u00e4lsa Samtals\u00e4mnena \u00e4r: Inre frid och harmoni, Hopp, Andlig styrka och kontakt, Helhet och tillit, F\u00f6rundran, Gemenskap, Meningsfullhet, Personlig tro Kursen startar onsdag 17\/9 [&hellip;]&lt;\/p&gt;\\n","url":"https:\/\/equmeniakyrkan.se\/varmlandsnas\/kalender\/soka-och-finna-livsmod-samtal-om-existensiell-halsa\/2025-09-24\/","eventAttendanceMode":"https:\/\/schema.org\/OfflineEventAttendanceMode","eventStatus":"https:\/\/schema.org\/EventScheduled","startDate":"2025-09-24T18:00:00+02:00","endDate":"2025-09-24T20:00:00+02:00","performer":"Organization"},"is_virtual":false,"virtual_url":null,"virtual_video_source":""}