{"id":116,"global_id":"equmeniakyrkan.se\/varmlandsnas?id=116","global_id_lineage":["equmeniakyrkan.se\/varmlandsnas?id=116"],"author":"685","status":"publish","date":"2023-10-07 20:24:03","date_utc":"2023-10-07 18:24:03","modified":"2023-10-07 20:24:03","modified_utc":"2023-10-07 18:24:03","url":"https:\/\/equmeniakyrkan.se\/varmlandsnas\/kalender\/gudstjanst-med-fika\/","rest_url":"https:\/\/equmeniakyrkan.se\/varmlandsnas\/wp-json\/tribe\/events\/v1\/events\/116","title":"Gudstj\u00e4nst med fika","description":"<p>Alla helgons dag &#8221;Helgonen&#8221; Gr 2<\/p>","excerpt":"","slug":"gudstjanst-med-fika","image":false,"all_day":false,"start_date":"2023-11-04 11:00:00","start_date_details":{"year":"2023","month":"11","day":"04","hour":"11","minutes":"00","seconds":"00"},"end_date":"2023-11-04 13:00:00","end_date_details":{"year":"2023","month":"11","day":"04","hour":"13","minutes":"00","seconds":"00"},"utc_start_date":"2023-11-04 10:00:00","utc_start_date_details":{"year":"2023","month":"11","day":"04","hour":"10","minutes":"00","seconds":"00"},"utc_end_date":"2023-11-04 12:00:00","utc_end_date_details":{"year":"2023","month":"11","day":"04","hour":"12","minutes":"00","seconds":"00"},"timezone":"Europe\/Stockholm","timezone_abbr":"CET","cost":"","cost_details":{"currency_symbol":"","currency_code":"","currency_position":"suffix","values":[]},"website":"","show_map":true,"show_map_link":true,"hide_from_listings":false,"sticky":false,"featured":false,"categories":[],"tags":[{"name":"Gr 2","slug":"gr-2","term_group":0,"term_taxonomy_id":18,"taxonomy":"post_tag","description":"","parent":0,"count":22,"filter":"raw","id":18,"urls":{"self":"https:\/\/equmeniakyrkan.se\/varmlandsnas\/wp-json\/tribe\/events\/v1\/tags\/18","collection":"https:\/\/equmeniakyrkan.se\/varmlandsnas\/wp-json\/tribe\/events\/v1\/tags"}}],"venue":{"id":85,"author":"685","status":"publish","date":"2023-10-07 18:36:25","date_utc":"2023-10-07 16:36:25","modified":"2025-01-11 10:31:02","modified_utc":"2025-01-11 09:31:02","url":"https:\/\/equmeniakyrkan.se\/varmlandsnas\/plats\/sorbrokyrkan-allevagen-5-saffle\/","venue":"S\u00f6rbrokyrkan","slug":"sorbrokyrkan-allevagen-5-saffle","address":"All\u00e9v\u00e4gen 5","city":"S\u00e4ffle","country":"Sverige","zip":"66191","geo_lat":59.183569807425,"geo_lng":13.015521488867,"json_ld":{"@type":"Place","name":"S\u00f6rbrokyrkan","description":"","url":"https:\/\/equmeniakyrkan.se\/varmlandsnas\/plats\/sorbrokyrkan-allevagen-5-saffle\/","address":{"@type":"PostalAddress","streetAddress":"All\u00e9v\u00e4gen 5","addressLocality":"S\u00e4ffle","postalCode":"66191","addressCountry":"Sverige"},"geo":{"@type":"GeoCoordinates","latitude":59.183569807425,"longitude":13.015521488867},"telephone":"","sameAs":""},"show_map":true,"show_map_link":true,"global_id":"equmeniakyrkan.se\/varmlandsnas?id=85","global_id_lineage":["equmeniakyrkan.se\/varmlandsnas?id=85"]},"organizer":[],"custom_fields":[],"json_ld":{"@context":"http:\/\/schema.org","@type":"Event","name":"Gudstj\u00e4nst med fika","description":"&lt;p&gt;Alla helgons dag &quot;Helgonen&quot; Gr 2&lt;\/p&gt;\\n","url":"https:\/\/equmeniakyrkan.se\/varmlandsnas\/kalender\/gudstjanst-med-fika\/","eventAttendanceMode":"https:\/\/schema.org\/OfflineEventAttendanceMode","eventStatus":"https:\/\/schema.org\/EventScheduled","startDate":"2023-11-04T11:00:00+01:00","endDate":"2023-11-04T13:00:00+01:00","location":{"@type":"Place","name":"S\u00f6rbrokyrkan","description":"","url":"https:\/\/equmeniakyrkan.se\/varmlandsnas\/plats\/sorbrokyrkan-allevagen-5-saffle\/","address":{"@type":"PostalAddress","streetAddress":"All\u00e9v\u00e4gen 5","addressLocality":"S\u00e4ffle","postalCode":"66191","addressCountry":"Sverige"},"geo":{"@type":"GeoCoordinates","latitude":59.183569807425,"longitude":13.015521488867},"telephone":"","sameAs":""},"performer":"Organization"},"is_virtual":false,"virtual_url":null,"virtual_video_source":""}