{"id":559,"global_id":"equmeniakyrkan.se\/varmlandsnas?id=559","global_id_lineage":["equmeniakyrkan.se\/varmlandsnas?id=559"],"author":"685","status":"publish","date":"2025-03-15 05:52:28","date_utc":"2025-03-15 04:52:28","modified":"2025-03-15 05:52:28","modified_utc":"2025-03-15 04:52:28","url":"https:\/\/equmeniakyrkan.se\/varmlandsnas\/kalender\/gudstjanst-20\/","rest_url":"https:\/\/equmeniakyrkan.se\/varmlandsnas\/wp-json\/tribe\/events\/v1\/events\/559","title":"Gudstj\u00e4nst","description":"<p>Medverkande: Torgny Stensson, Gr 1<\/p>\n<p>Kyrkkaffe<\/p>","excerpt":"","slug":"gudstjanst-20","image":false,"all_day":false,"start_date":"2025-03-23 11:00:00","start_date_details":{"year":"2025","month":"03","day":"23","hour":"11","minutes":"00","seconds":"00"},"end_date":"2025-03-23 13:00:00","end_date_details":{"year":"2025","month":"03","day":"23","hour":"13","minutes":"00","seconds":"00"},"utc_start_date":"2025-03-23 10:00:00","utc_start_date_details":{"year":"2025","month":"03","day":"23","hour":"10","minutes":"00","seconds":"00"},"utc_end_date":"2025-03-23 12:00:00","utc_end_date_details":{"year":"2025","month":"03","day":"23","hour":"12","minutes":"00","seconds":"00"},"timezone":"Europe\/Stockholm","timezone_abbr":"CET","cost":"","cost_details":{"currency_symbol":"kr","currency_code":"SEK","currency_position":"suffix","values":[]},"website":"","show_map":true,"show_map_link":true,"hide_from_listings":false,"sticky":false,"featured":false,"categories":[{"name":"Gudstj\u00e4nst","slug":"gudstjanst","term_group":0,"term_taxonomy_id":9,"taxonomy":"tribe_events_cat","description":"","parent":0,"count":97,"filter":"raw","id":9,"urls":{"self":"https:\/\/equmeniakyrkan.se\/varmlandsnas\/wp-json\/tribe\/events\/v1\/categories\/9","collection":"https:\/\/equmeniakyrkan.se\/varmlandsnas\/wp-json\/tribe\/events\/v1\/categories"}}],"tags":[{"name":"Gr 1","slug":"gr-1","term_group":0,"term_taxonomy_id":27,"taxonomy":"post_tag","description":"","parent":0,"count":15,"filter":"raw","id":27,"urls":{"self":"https:\/\/equmeniakyrkan.se\/varmlandsnas\/wp-json\/tribe\/events\/v1\/tags\/27","collection":"https:\/\/equmeniakyrkan.se\/varmlandsnas\/wp-json\/tribe\/events\/v1\/tags"}}],"venue":{"id":79,"author":"685","status":"publish","date":"2023-10-07 18:26:23","date_utc":"2023-10-07 16:26:23","modified":"2023-10-07 18:35:08","modified_utc":"2023-10-07 16:35:08","url":"https:\/\/equmeniakyrkan.se\/varmlandsnas\/plats\/millesviks-missionshus\/","venue":"Millesviks missionshus","slug":"millesviks-missionshus","geo_lat":58.979303,"geo_lng":13.129554,"json_ld":{"@type":"Place","name":"Millesviks missionshus","description":"","url":"https:\/\/equmeniakyrkan.se\/varmlandsnas\/plats\/millesviks-missionshus\/","address":{"@type":"PostalAddress"},"geo":{"@type":"GeoCoordinates","latitude":58.979303,"longitude":13.129554},"telephone":"","sameAs":""},"show_map":true,"show_map_link":true,"global_id":"equmeniakyrkan.se\/varmlandsnas?id=79","global_id_lineage":["equmeniakyrkan.se\/varmlandsnas?id=79"]},"organizer":[{"id":127,"author":"685","status":"publish","date":"2023-10-25 19:37:19","date_utc":"2023-10-25 17:37:19","modified":"2023-10-25 19:37:19","modified_utc":"2023-10-25 17:37:19","url":"https:\/\/equmeniakyrkan.se\/varmlandsnas\/arrangor\/equmeniakyrkan-varmlandsnas\/","organizer":"Equmeniakyrkan V\u00e4rmlandsn\u00e4s","slug":"equmeniakyrkan-varmlandsnas","json_ld":{"@type":"Person","name":"Equmeniakyrkan V\u00e4rmlandsn\u00e4s","description":"","url":"","telephone":"","email":"","sameAs":""},"global_id":"equmeniakyrkan.se\/varmlandsnas?id=127","global_id_lineage":["equmeniakyrkan.se\/varmlandsnas?id=127"]}],"custom_fields":[],"json_ld":{"@context":"http:\/\/schema.org","@type":"Event","name":"Gudstj\u00e4nst","description":"&lt;p&gt;Medverkande: Torgny Stensson, Gr 1 Kyrkkaffe&lt;\/p&gt;\\n","url":"https:\/\/equmeniakyrkan.se\/varmlandsnas\/kalender\/gudstjanst-20\/","eventAttendanceMode":"https:\/\/schema.org\/OfflineEventAttendanceMode","eventStatus":"https:\/\/schema.org\/EventScheduled","startDate":"2025-03-23T11:00:00+01:00","endDate":"2025-03-23T13:00:00+01:00","location":{"@type":"Place","name":"Millesviks missionshus","description":"","url":"https:\/\/equmeniakyrkan.se\/varmlandsnas\/plats\/millesviks-missionshus\/","address":{"@type":"PostalAddress"},"geo":{"@type":"GeoCoordinates","latitude":58.979303,"longitude":13.129554},"telephone":"","sameAs":""},"organizer":{"@type":"Person","name":"Equmeniakyrkan V\u00e4rmlandsn\u00e4s","description":"","url":"","telephone":"","email":"","sameAs":""},"performer":"Organization"},"is_virtual":false,"virtual_url":null,"virtual_video_source":""}