{"id":745,"global_id":"equmeniakyrkan.se\/varmlandsnas?id=745","global_id_lineage":["equmeniakyrkan.se\/varmlandsnas?id=745"],"author":"685","status":"publish","date":"2025-09-24 09:31:13","date_utc":"2025-09-24 07:31:13","modified":"2025-09-24 09:31:13","modified_utc":"2025-09-24 07:31:13","url":"https:\/\/equmeniakyrkan.se\/varmlandsnas\/kalender\/jullunch-pa-hela-manniskan\/","rest_url":"https:\/\/equmeniakyrkan.se\/varmlandsnas\/wp-json\/tribe\/events\/v1\/events\/745","title":"Jullunch p\u00e5 Hela m\u00e4nniskan","description":"<div class=\"nBzcnc OcVpRe\">\n<div id=\"xDetDlgDesc\" class=\"toUqff vfzv\">Jullunch, julevangeliet, juls\u00e5nger<\/div>\n<\/div>\n<div class=\"nBzcnc OcVpRe\">\n<div class=\"zZj8Pb EaVNbc\" aria-hidden=\"true\"><\/div>\n<div id=\"xDetDlgCal\" class=\"toUqff  HRaT6d\" data-text=\"\" data-tooltip-position=\"bottom\" data-tooltip-vertical-offset=\"0\" data-tooltip-horizontal-offset=\"0\" data-tooltip-only-if-necessary=\"false\">\n<div class=\" bgOWSb\">\n<div class=\"UfeRlc\"><\/div>\n<\/div>\n<\/div>\n<\/div>","excerpt":"","slug":"jullunch-pa-hela-manniskan","image":false,"all_day":false,"start_date":"2025-12-23 11:00:00","start_date_details":{"year":"2025","month":"12","day":"23","hour":"11","minutes":"00","seconds":"00"},"end_date":"2025-12-23 13:00:00","end_date_details":{"year":"2025","month":"12","day":"23","hour":"13","minutes":"00","seconds":"00"},"utc_start_date":"2025-12-23 10:00:00","utc_start_date_details":{"year":"2025","month":"12","day":"23","hour":"10","minutes":"00","seconds":"00"},"utc_end_date":"2025-12-23 12:00:00","utc_end_date_details":{"year":"2025","month":"12","day":"23","hour":"12","minutes":"00","seconds":"00"},"timezone":"Europe\/Stockholm","timezone_abbr":"CET","cost":"","cost_details":{"currency_symbol":"kr","currency_code":"USD","currency_position":"prefix","values":[]},"website":"","show_map":true,"show_map_link":true,"hide_from_listings":false,"sticky":false,"featured":false,"categories":[],"tags":[],"venue":{"id":708,"author":"685","status":"publish","date":"2025-09-24 08:55:26","date_utc":"2025-09-24 06:55:26","modified":"2025-09-24 08:57:44","modified_utc":"2025-09-24 06:57:44","url":"https:\/\/equmeniakyrkan.se\/varmlandsnas\/plats\/hela-manniskan\/","venue":"Hela M\u00e4nniskan","slug":"hela-manniskan","address":"Verkstadsgatan 13","city":"S\u00e4ffle","zip":"66130","website":"https:\/\/helamanniskan.se\/saffle\/","geo_lat":59.129452543132,"geo_lng":12.919757693579,"json_ld":{"@type":"Place","name":"Hela M\u00e4nniskan","description":"","url":"https:\/\/equmeniakyrkan.se\/varmlandsnas\/plats\/hela-manniskan\/","address":{"@type":"PostalAddress","streetAddress":"Verkstadsgatan 13","addressLocality":"S\u00e4ffle","postalCode":"66130"},"geo":{"@type":"GeoCoordinates","latitude":59.129452543132,"longitude":12.919757693579},"telephone":"","sameAs":"https:\/\/helamanniskan.se\/saffle\/"},"show_map":true,"show_map_link":true,"global_id":"equmeniakyrkan.se\/varmlandsnas?id=708","global_id_lineage":["equmeniakyrkan.se\/varmlandsnas?id=708"]},"organizer":[],"custom_fields":[],"json_ld":{"@context":"http:\/\/schema.org","@type":"Event","name":"Jullunch p\u00e5 Hela m\u00e4nniskan","description":"&lt;p&gt;Jullunch, julevangeliet, juls\u00e5nger&lt;\/p&gt;\\n","url":"https:\/\/equmeniakyrkan.se\/varmlandsnas\/kalender\/jullunch-pa-hela-manniskan\/","eventAttendanceMode":"https:\/\/schema.org\/OfflineEventAttendanceMode","eventStatus":"https:\/\/schema.org\/EventScheduled","startDate":"2025-12-23T11:00:00+01:00","endDate":"2025-12-23T13:00:00+01:00","location":{"@type":"Place","name":"Hela M\u00e4nniskan","description":"","url":"https:\/\/equmeniakyrkan.se\/varmlandsnas\/plats\/hela-manniskan\/","address":{"@type":"PostalAddress","streetAddress":"Verkstadsgatan 13","addressLocality":"S\u00e4ffle","postalCode":"66130"},"geo":{"@type":"GeoCoordinates","latitude":59.129452543132,"longitude":12.919757693579},"telephone":"","sameAs":"https:\/\/helamanniskan.se\/saffle\/"},"performer":"Organization"},"is_virtual":false,"virtual_url":null,"virtual_video_source":""}