{"id":10000143,"global_id":"equmeniakyrkan.se\/visnum?id=10000143","global_id_lineage":["equmeniakyrkan.se\/visnum?id=10000143"],"author":"1059","status":"publish","date":"2024-12-19 20:49:13","date_utc":"2024-12-19 19:49:13","modified":"2025-06-10 20:40:26","modified_utc":"2025-06-10 18:40:26","url":"https:\/\/equmeniakyrkan.se\/visnum\/kalender\/oppna-forskolan\/2025-05-05\/","rest_url":"https:\/\/equmeniakyrkan.se\/visnum\/wp-json\/tribe\/events\/v1\/events\/10000143","title":"\u00d6ppna F\u00f6rskolan","description":"<p>\u00d6ppen f\u00f6rskola i Missionshuset i Vike. P\u00e5 m\u00e5ndagar 9-13. S\u00e5ngstund kl.10.00<\/p>\n<p>Ledare \u00e4r Sofia Ljungberg.<\/p>","excerpt":"","slug":"oppna-forskolan","image":{"url":"https:\/\/equmeniakyrkan.se\/visnum\/wp-content\/uploads\/sites\/311\/2024\/12\/skarmavbild-2024-12-19-kl-204641.png","id":494,"extension":"png","width":1010,"height":494,"filesize":535435,"sizes":{"medium":{"width":640,"height":313,"mime-type":"image\/png","filesize":197529,"url":"https:\/\/equmeniakyrkan.se\/visnum\/wp-content\/uploads\/sites\/311\/2024\/12\/skarmavbild-2024-12-19-kl-204641-640x313.png"},"thumbnail":{"width":300,"height":300,"mime-type":"image\/png","filesize":133230,"url":"https:\/\/equmeniakyrkan.se\/visnum\/wp-content\/uploads\/sites\/311\/2024\/12\/skarmavbild-2024-12-19-kl-204641-300x300.png"},"medium_large":{"width":768,"height":376,"mime-type":"image\/png","filesize":268425,"url":"https:\/\/equmeniakyrkan.se\/visnum\/wp-content\/uploads\/sites\/311\/2024\/12\/skarmavbild-2024-12-19-kl-204641-768x376.png"}}},"all_day":false,"start_date":"2025-05-05 09:00:00","start_date_details":{"year":"2025","month":"05","day":"05","hour":"09","minutes":"00","seconds":"00"},"end_date":"2025-05-05 13:00:00","end_date_details":{"year":"2025","month":"05","day":"05","hour":"13","minutes":"00","seconds":"00"},"utc_start_date":"2025-05-05 07:00:00","utc_start_date_details":{"year":"2025","month":"05","day":"05","hour":"07","minutes":"00","seconds":"00"},"utc_end_date":"2025-05-05 11:00:00","utc_end_date_details":{"year":"2025","month":"05","day":"05","hour":"11","minutes":"00","seconds":"00"},"timezone":"Europe\/Stockholm","timezone_abbr":"CET","cost":"","cost_details":{"currency_symbol":"kr","currency_code":"USD","currency_position":"suffix","values":[]},"website":"","show_map":true,"show_map_link":true,"hide_from_listings":false,"sticky":false,"featured":false,"categories":[{"name":"\u00d6ppen f\u00f6rskola","slug":"oppen-forskola","term_group":0,"term_taxonomy_id":18,"taxonomy":"tribe_events_cat","description":"","parent":17,"count":6,"filter":"raw","id":18,"urls":{"self":"https:\/\/equmeniakyrkan.se\/visnum\/wp-json\/tribe\/events\/v1\/categories\/18","collection":"https:\/\/equmeniakyrkan.se\/visnum\/wp-json\/tribe\/events\/v1\/categories","up":"https:\/\/equmeniakyrkan.se\/visnum\/wp-json\/tribe\/events\/v1\/categories\/17"}}],"tags":[],"venue":{"id":236,"author":"1059","status":"publish","date":"2024-11-06 12:47:26","date_utc":"2024-11-06 11:47:26","modified":"2024-12-12 14:31:42","modified_utc":"2024-12-12 13:31:42","url":"https:\/\/equmeniakyrkan.se\/visnum\/plats\/vike-misionshus\/","venue":"Vike Missionshus","slug":"vike-misionshus","image":{"url":"https:\/\/equmeniakyrkan.se\/visnum\/wp-content\/uploads\/sites\/311\/2024\/12\/vike-missionshus.jpg","id":303,"extension":"jpg","width":1200,"height":675,"filesize":516184,"sizes":{"medium":{"width":640,"height":360,"mime-type":"image\/jpeg","filesize":88918,"url":"https:\/\/equmeniakyrkan.se\/visnum\/wp-content\/uploads\/sites\/311\/2024\/12\/vike-missionshus-640x360.jpg"},"thumbnail":{"width":300,"height":300,"mime-type":"image\/jpeg","filesize":33896,"url":"https:\/\/equmeniakyrkan.se\/visnum\/wp-content\/uploads\/sites\/311\/2024\/12\/vike-missionshus-300x300.jpg"},"medium_large":{"width":768,"height":432,"mime-type":"image\/jpeg","filesize":125829,"url":"https:\/\/equmeniakyrkan.se\/visnum\/wp-content\/uploads\/sites\/311\/2024\/12\/vike-missionshus-768x432.jpg"}}},"city":"Kristinehamn","country":"Sweden","province":"V\u00e4rmland","zip":"68193","stateprovince":"V\u00e4rmland","geo_lat":59.200971821152,"geo_lng":14.101467193145,"json_ld":{"@type":"Place","name":"Vike Missionshus","description":"","image":"https:\/\/equmeniakyrkan.se\/visnum\/wp-content\/uploads\/sites\/311\/2024\/12\/vike-missionshus.jpg","url":"https:\/\/equmeniakyrkan.se\/visnum\/plats\/vike-misionshus\/","address":{"@type":"PostalAddress","addressLocality":"Kristinehamn","addressRegion":"V\u00e4rmland","postalCode":"68193","addressCountry":"Sweden"},"geo":{"@type":"GeoCoordinates","latitude":59.200971821152,"longitude":14.101467193145},"telephone":"","sameAs":""},"show_map":true,"show_map_link":true,"global_id":"equmeniakyrkan.se\/visnum?id=236","global_id_lineage":["equmeniakyrkan.se\/visnum?id=236"]},"organizer":[],"custom_fields":[],"json_ld":{"@context":"http:\/\/schema.org","@type":"Event","name":"\u00d6ppna F\u00f6rskolan","description":"&lt;p&gt;\u00d6ppen f\u00f6rskola i Missionshuset i Vike. P\u00e5 m\u00e5ndagar 9-13. S\u00e5ngstund kl.10.00 Ledare \u00e4r Sofia Ljungberg.&lt;\/p&gt;\\n","image":"https:\/\/equmeniakyrkan.se\/visnum\/wp-content\/uploads\/sites\/311\/2024\/12\/skarmavbild-2024-12-19-kl-204641.png","url":"https:\/\/equmeniakyrkan.se\/visnum\/kalender\/oppna-forskolan\/2025-05-05\/","eventAttendanceMode":"https:\/\/schema.org\/OfflineEventAttendanceMode","eventStatus":"https:\/\/schema.org\/EventScheduled","startDate":"2025-05-05T09:00:00+02:00","endDate":"2025-05-05T13:00:00+02:00","location":{"@type":"Place","name":"Vike Missionshus","description":"","image":"https:\/\/equmeniakyrkan.se\/visnum\/wp-content\/uploads\/sites\/311\/2024\/12\/vike-missionshus.jpg","url":"https:\/\/equmeniakyrkan.se\/visnum\/plats\/vike-misionshus\/","address":{"@type":"PostalAddress","addressLocality":"Kristinehamn","addressRegion":"V\u00e4rmland","postalCode":"68193","addressCountry":"Sweden"},"geo":{"@type":"GeoCoordinates","latitude":59.200971821152,"longitude":14.101467193145},"telephone":"","sameAs":""},"performer":"Organization"},"is_virtual":false,"virtual_url":null,"virtual_video_source":""}