{"id":10000347,"global_id":"equmeniakyrkan.se\/visnum?id=10000347","global_id_lineage":["equmeniakyrkan.se\/visnum?id=10000347"],"author":"1059","status":"publish","date":"2025-02-12 14:31:38","date_utc":"2025-02-12 13:31:38","modified":"2025-09-02 19:23:07","modified_utc":"2025-09-02 17:23:07","url":"https:\/\/equmeniakyrkan.se\/visnum\/kalender\/fixargemenskap\/2025-05-20\/","rest_url":"https:\/\/equmeniakyrkan.se\/visnum\/wp-json\/tribe\/events\/v1\/events\/10000347","title":"Fixargemenskap","description":"<p class=\"p1\">Vi fixar i Vike och Hult- snickrar, m\u00e5lar etc. \u00c4r du sugen p\u00e5 att hj\u00e4lpa till?<\/p>\n<p class=\"p1\">Vi v\u00e4lkomnar alla, b\u00e5de kvinnor och m\u00e4n.<\/p>\n<p class=\"p1\">Projektledare och kontaktperson \u00e4r<\/p>\n<p class=\"p1\">Bertil Sandelin 070-2354116<\/p>","excerpt":"","slug":"fixargemenskap","image":{"url":"https:\/\/equmeniakyrkan.se\/visnum\/wp-content\/uploads\/sites\/311\/2025\/02\/fixargrupp.jpg","id":1033,"extension":"jpg","width":1280,"height":1058,"filesize":55153,"sizes":{"medium":{"width":640,"height":529,"mime-type":"image\/jpeg","filesize":45140,"url":"https:\/\/equmeniakyrkan.se\/visnum\/wp-content\/uploads\/sites\/311\/2025\/02\/fixargrupp-640x529.jpg"},"thumbnail":{"width":300,"height":300,"mime-type":"image\/jpeg","filesize":20899,"url":"https:\/\/equmeniakyrkan.se\/visnum\/wp-content\/uploads\/sites\/311\/2025\/02\/fixargrupp-300x300.jpg"},"medium_large":{"width":768,"height":635,"mime-type":"image\/jpeg","filesize":58361,"url":"https:\/\/equmeniakyrkan.se\/visnum\/wp-content\/uploads\/sites\/311\/2025\/02\/fixargrupp-768x635.jpg"}}},"all_day":false,"start_date":"2025-05-20 09:00:00","start_date_details":{"year":"2025","month":"05","day":"20","hour":"09","minutes":"00","seconds":"00"},"end_date":"2025-05-20 12:00:00","end_date_details":{"year":"2025","month":"05","day":"20","hour":"12","minutes":"00","seconds":"00"},"utc_start_date":"2025-05-20 07:00:00","utc_start_date_details":{"year":"2025","month":"05","day":"20","hour":"07","minutes":"00","seconds":"00"},"utc_end_date":"2025-05-20 10:00:00","utc_end_date_details":{"year":"2025","month":"05","day":"20","hour":"10","minutes":"00","seconds":"00"},"timezone":"Europe\/Stockholm","timezone_abbr":"CET","cost":"","cost_details":{"currency_symbol":"kr","currency_code":"USD","currency_position":"suffix","values":[]},"website":"","show_map":true,"show_map_link":true,"hide_from_listings":false,"sticky":false,"featured":false,"categories":[{"name":"Fixargemenskap","slug":"fixargemenskap","term_group":0,"term_taxonomy_id":35,"taxonomy":"tribe_events_cat","description":"","parent":0,"count":2,"filter":"raw","id":35,"urls":{"self":"https:\/\/equmeniakyrkan.se\/visnum\/wp-json\/tribe\/events\/v1\/categories\/35","collection":"https:\/\/equmeniakyrkan.se\/visnum\/wp-json\/tribe\/events\/v1\/categories"}}],"tags":[],"venue":[],"organizer":[],"custom_fields":[],"json_ld":{"@context":"http:\/\/schema.org","@type":"Event","name":"Fixargemenskap","description":"&lt;p&gt;Vi fixar i Vike och Hult- snickrar, m\u00e5lar etc. \u00c4r du sugen p\u00e5 att hj\u00e4lpa till? Vi v\u00e4lkomnar alla, b\u00e5de kvinnor och m\u00e4n. Projektledare och kontaktperson \u00e4r Bertil Sandelin 070-2354116&lt;\/p&gt;\\n","image":"https:\/\/equmeniakyrkan.se\/visnum\/wp-content\/uploads\/sites\/311\/2025\/02\/fixargrupp.jpg","url":"https:\/\/equmeniakyrkan.se\/visnum\/kalender\/fixargemenskap\/2025-05-20\/","eventAttendanceMode":"https:\/\/schema.org\/OfflineEventAttendanceMode","eventStatus":"https:\/\/schema.org\/EventScheduled","startDate":"2025-05-20T09:00:00+02:00","endDate":"2025-05-20T12:00:00+02:00","performer":"Organization"},"is_virtual":false,"virtual_url":null,"virtual_video_source":""}